{"id":4572,"date":"2020-06-12T09:00:44","date_gmt":"2020-06-12T07:00:44","guid":{"rendered":"http:\/\/www.fundaciolluiscoromina.org\/?p=4572"},"modified":"2020-06-12T09:00:44","modified_gmt":"2020-06-12T07:00:44","slug":"el-fotograf-francesc-guillamet-a-la-proxima-conversa-en-directe","status":"publish","type":"post","link":"http:\/\/fundaciolluiscoromina.org\/index.php\/2020\/06\/12\/el-fotograf-francesc-guillamet-a-la-proxima-conversa-en-directe\/","title":{"rendered":"El fot\u00f2graf Francesc Guillamet, a la pr\u00f2xima conversa en directe"},"content":{"rendered":"<p>El protagonista de la pr\u00f2xima conversa en directe per Instagram de la Fundaci\u00f3 Llu\u00eds Coromina ser\u00e0 el fot\u00f2graf Francesc Guillamet. Especialitzat en fotografia culin\u00e0ria,\u00a0\u00e9s un referent en la fotografia gastron\u00f2mica a nivell internacional. Reconegut per haver fotografiat els 1846 plats de l&#8217;etapa de Ferran Adri\u00e0 al Restaurant El Bulli, de la cala Montjoi (Roses), tamb\u00e9 ha treballat a les cuines de Carme Ruscalleda, els germans Roca, Juan Mari Arzak, Xavi Sagrist\u00e0 i Toni Gerez, Sergi Arola, Ferm\u00ed Puig o Nando Jubany, i\u00a0 a l&#8217;obrador de Paco Torreblanca, entre d&#8217;altres. \u00c9s autor de les fotos de totes les creacions de Mateu Casa\u00f1as, Oriol Castro i Eduard Xatruch, tant al Compartir com al Disfrutar, i tamb\u00e9 treballa amb Paco P\u00e9rez, del Miramar, a Llan\u00e7\u00e0. Aix\u00ed mateix, ha il\u00b7lustrat diversos llibres sobre paisatges, com la col\u00b7laboraci\u00f3 amb Eduard Puig Vayreda sobre el paisatge del vi a l&#8217;Empord\u00e0. Les seves fotografies mostren influ\u00e8ncia de la pintura moderna contempor\u00e0nia, i la profunda relaci\u00f3 amb el m\u00f3n de l&#8217;art es concreta amb les exposicions que ha fet arreu del m\u00f3n.<\/p>\n<p>La conversa tindr\u00e0 lloc a trav\u00e9s de l&#8217;Instagram de la Fundaci\u00f3, el dijous 18 de juny a les 18:30 h. Ser\u00e0 condu\u00efda pel director de l&#8217;entitat, Ricard Planas, i comptar\u00e0 amb la col\u00b7laboraci\u00f3 de la Farinera Coromina. Les persones que ho vulguin, podran emetre les seves preguntes, que seran contestades durant el di\u00e0leg.<\/p>\n","protected":false},"excerpt":{"rendered":"<p>El protagonista de la pr\u00f2xima conversa en directe per Instagram de la Fundaci\u00f3 Llu\u00eds Coromina ser\u00e0 el fot\u00f2graf Francesc Guillamet. &#8230;<\/p>\n","protected":false},"author":2,"featured_media":4573,"comment_status":"open","ping_status":"open","sticky":false,"template":"","format":"standard","meta":{"footnotes":""},"categories":[10],"tags":[251,63,109,252,253],"class_list":["post-4572","post","type-post","status-publish","format-standard","has-post-thumbnail","hentry","category-activitats","tag-cuina","tag-fotografia","tag-francesc-guillamet","tag-gastronomia","tag-instagram-live"],"_links":{"self":[{"href":"http:\/\/fundaciolluiscoromina.org\/index.php\/wp-json\/wp\/v2\/posts\/4572","targetHints":{"allow":["GET"]}}],"collection":[{"href":"http:\/\/fundaciolluiscoromina.org\/index.php\/wp-json\/wp\/v2\/posts"}],"about":[{"href":"http:\/\/fundaciolluiscoromina.org\/index.php\/wp-json\/wp\/v2\/types\/post"}],"author":[{"embeddable":true,"href":"http:\/\/fundaciolluiscoromina.org\/index.php\/wp-json\/wp\/v2\/users\/2"}],"replies":[{"embeddable":true,"href":"http:\/\/fundaciolluiscoromina.org\/index.php\/wp-json\/wp\/v2\/comments?post=4572"}],"version-history":[{"count":0,"href":"http:\/\/fundaciolluiscoromina.org\/index.php\/wp-json\/wp\/v2\/posts\/4572\/revisions"}],"wp:attachment":[{"href":"http:\/\/fundaciolluiscoromina.org\/index.php\/wp-json\/wp\/v2\/media?parent=4572"}],"wp:term":[{"taxonomy":"category","embeddable":true,"href":"http:\/\/fundaciolluiscoromina.org\/index.php\/wp-json\/wp\/v2\/categories?post=4572"},{"taxonomy":"post_tag","embeddable":true,"href":"http:\/\/fundaciolluiscoromina.org\/index.php\/wp-json\/wp\/v2\/tags?post=4572"}],"curies":[{"name":"wp","href":"https:\/\/api.w.org\/{rel}","templated":true}]}}