{"id":4575,"date":"2020-06-15T11:20:00","date_gmt":"2020-06-15T09:20:00","guid":{"rendered":"http:\/\/www.fundaciolluiscoromina.org\/?p=4575"},"modified":"2020-06-15T11:20:00","modified_gmt":"2020-06-15T09:20:00","slug":"la-fundacio-lluis-coromina-cedeix-lespai-eat-art-per-al-casal-destiu-que-comenci","status":"publish","type":"post","link":"http:\/\/fundaciolluiscoromina.org\/index.php\/2020\/06\/15\/la-fundacio-lluis-coromina-cedeix-lespai-eat-art-per-al-casal-destiu-que-comenci\/","title":{"rendered":"La Fundaci\u00f3 Llu\u00eds Coromina cedeix l&#8217;Espai Eat Art per al casal d&#8217;estiu &#8216;Que comenci!&#8217;"},"content":{"rendered":"<p>La Fundaci\u00f3 Llu\u00eds Coromina cedeix una de les seves instal\u00b7lacions a l&#8217;Ajuntament de Banyoles per tal de dur a terme el casal d&#8217;estiu <em>Que comenci!<\/em>. Una mesura per garantir que aquests espais de lleure es puguin fer complint amb les mesures de distanciament social dictades pel Govern de la Generalitat. En concret, l&#8217;Espai Eat Art, situat a la pla\u00e7a Major, acollir\u00e0 el casal que ofereix l&#8217;Escola Municipal de M\u00fasica i l&#8217;Aula de Teatre.<\/p>\n","protected":false},"excerpt":{"rendered":"<p>La Fundaci\u00f3 Llu\u00eds Coromina cedeix una de les seves instal\u00b7lacions a l&#8217;Ajuntament de Banyoles per tal de dur a terme &#8230;<\/p>\n","protected":false},"author":2,"featured_media":4576,"comment_status":"open","ping_status":"open","sticky":false,"template":"","format":"standard","meta":{"footnotes":""},"categories":[10,11],"tags":[],"class_list":["post-4575","post","type-post","status-publish","format-standard","has-post-thumbnail","hentry","category-activitats","category-educacio-2"],"_links":{"self":[{"href":"http:\/\/fundaciolluiscoromina.org\/index.php\/wp-json\/wp\/v2\/posts\/4575","targetHints":{"allow":["GET"]}}],"collection":[{"href":"http:\/\/fundaciolluiscoromina.org\/index.php\/wp-json\/wp\/v2\/posts"}],"about":[{"href":"http:\/\/fundaciolluiscoromina.org\/index.php\/wp-json\/wp\/v2\/types\/post"}],"author":[{"embeddable":true,"href":"http:\/\/fundaciolluiscoromina.org\/index.php\/wp-json\/wp\/v2\/users\/2"}],"replies":[{"embeddable":true,"href":"http:\/\/fundaciolluiscoromina.org\/index.php\/wp-json\/wp\/v2\/comments?post=4575"}],"version-history":[{"count":0,"href":"http:\/\/fundaciolluiscoromina.org\/index.php\/wp-json\/wp\/v2\/posts\/4575\/revisions"}],"wp:attachment":[{"href":"http:\/\/fundaciolluiscoromina.org\/index.php\/wp-json\/wp\/v2\/media?parent=4575"}],"wp:term":[{"taxonomy":"category","embeddable":true,"href":"http:\/\/fundaciolluiscoromina.org\/index.php\/wp-json\/wp\/v2\/categories?post=4575"},{"taxonomy":"post_tag","embeddable":true,"href":"http:\/\/fundaciolluiscoromina.org\/index.php\/wp-json\/wp\/v2\/tags?post=4575"}],"curies":[{"name":"wp","href":"https:\/\/api.w.org\/{rel}","templated":true}]}}