{"id":4578,"date":"2020-06-15T14:33:35","date_gmt":"2020-06-15T12:33:35","guid":{"rendered":"http:\/\/www.fundaciolluiscoromina.org\/?p=4578"},"modified":"2020-06-15T14:33:35","modified_gmt":"2020-06-15T12:33:35","slug":"pere-monras-estem-malalts-dantropocentrisme-i-aixo-te-consequencies","status":"publish","type":"post","link":"http:\/\/fundaciolluiscoromina.org\/index.php\/2020\/06\/15\/pere-monras-estem-malalts-dantropocentrisme-i-aixo-te-consequencies\/","title":{"rendered":"Pere Monr\u00e0s: \u201cEstem malalts d\u2019antropocentrisme i aix\u00f2 t\u00e9 conseq\u00fc\u00e8ncies\u201d"},"content":{"rendered":"<p>El metge i president del Biomimetic Science Institute, Pere Monr\u00e0s, ha protagonitzat la conversa en directe per Instagram de la Fundaci\u00f3 Llu\u00eds Coromina d\u2019aquest dijous 12 de juny, juntament amb el coordinador de la Fundaci\u00f3, Daniel Funentes.<\/p>\n<p>Biomimetic Sciences Institute\u00a0(BSI) \u00e9s una fundaci\u00f3 sense \u00e0nim de lucre i una de les poques institucions arreu del m\u00f3n que focalitza la seva feina al voltant de la biomim\u00e8tica. Pere Monr\u00e0s presideix l\u2019entitat des de l&#8217;any 2018, dedicada plenament a la construcci\u00f3 d&#8217;un metamodel d&#8217;inspiraci\u00f3 biomim\u00e8tica, com a ci\u00e8ncia del descobriment de la natura viva i font de novetat per al desenvolupament vital. Ha contribu\u00eft en nombrosos articles i publicacions sobre el desenvolupament d&#8217;organitzacions complexes i sobre el paper d&#8217;aquest\u00a0metamodel biomim\u00e8tic en el desenvolupament positiu de les societats humanes.<\/p>\n<p>Metge onc\u00f2leg, executiu i activista pensador, actualment Pere Monr\u00e0s est\u00e0 escrivint una publicaci\u00f3, en el marc dels actuals projectes de BSI: \u201cvolem aprofundir en la situaci\u00f3 del m\u00f3n i com podem contribuir a les coses que estan passant\u201d. I afegia: \u201cestem en un canvi d\u2019\u00e8poca definida per un nou paradigma: superar la Il\u00b7lustraci\u00f3 basada en la l\u00f2gica de la ra\u00f3 i el racionalisme d\u2019on va emergir la Revoluci\u00f3 Industrial per afegir-hi ara la l\u00f2gica relacional i la interrelaci\u00f3 humana, on emergeix la Revoluci\u00f3 digital\u201d.<\/p>\n<p>Tamb\u00e9 es va fer refer\u00e8ncia a les accions del BSI orientades a la recerca, la investigaci\u00f3, l\u2019educaci\u00f3, la salut i la cultura, necessaris per la modulaci\u00f3 del nostre creixement perqu\u00e8 hi pugui haver progr\u00e9s. Pere Monr\u00e0s va posar de manifest el funcionament de l\u2019aprenentatge: \u201cMai m\u2019he dedicat a fer cursos per aprendre. He apr\u00e8s del que he fet. En mullar-te amb una cosa, encara que et surti malament, \u00e9s quan aprens. Sempre \u00e9s l\u2019acci\u00f3 all\u00f2 que hem de valorar\u201d. Aix\u00ed mateix, va posar de manifest la import\u00e0ncia de la curiositat. \u201cJa en la primera inf\u00e0ncia, els nens tenen curiositat pel seu entorn, per saber on han anat a parar despr\u00e9s de sortir del ventre de la mare.\u201d Un instint de curiositat que en la majoria de les vegades \u00e9s escap\u00e7at per les reaccions <em>negacionistes<\/em> dels propis pares. \u201cPer aix\u00f2 des del BSI decidim fer recerca. Tothom hauria de fer recerca, entesa com a curiositat\u201d.<\/p>\n<p>Pel que fa al present i al futur basat en la hibridaci\u00f3 de la ci\u00e8ncia i la tecnologia en relaci\u00f3 al factor hum\u00e0, Pere Monr\u00e0s afirma que \u00e9s un punt clau i posa de manifest que ara estem en una transici\u00f3: \u201cCadasc\u00fa s\u2019haur\u00e0 de posicionar respecte aquest avan\u00e7 de la ci\u00e8ncia i la tecnologia\u201d. I afegeix que aix\u00f2 ens portar\u00e0 a un encreuament entre tot el desenvolupament cient\u00edfic i tecnol\u00f2gic, per\u00f2 que ara encara \u00e9s una inc\u00f2gnita com quedar\u00e0 definit: \u201cCasaran la tecnologia i el factor hum\u00e0? S\u2019empoderaran les persones o es crear\u00e0 una elit?\u201d.<\/p>\n<p>Seguidament Daniel Fuentes va preguntar a Pere Monr\u00e0s com definir aquest nou marc de consci\u00e8ncia, sota el paraig\u00fces del que anomenem la biomim\u00e8tica. Monr\u00e0s va detallar que consisteix en imitar la natura i al mateix temps, observar-la, parar-hi atenci\u00f3: \u201cCal tenir respecte a la natura i que el nostre comportament sigui biomim\u00e8tic, allunyar-nos de l\u2019antropocentrisme\u201d. I afegia: \u201cEstem malalts d&#8217;antropocentrisme, d&#8217;ego&#8230; i aix\u00f2 t\u00e9 conseq\u00fc\u00e8ncies. Aix\u00f2 t\u00e9 efectes en el sistema immunitari. L\u2019antropocentrisme refor\u00e7a l\u2019individualisme i aix\u00f2 \u00e9s un infantilisme\u201d. Preguntat si veu possible caminar cap a una consc\u00e8ncia col\u00b7lectiva d\u2019esp\u00e8cie, Monr\u00e0s va fer refer\u00e8ncia a que ning\u00fa ha sortit a la vida sense ajuda dels altres i va citar Jorge Wagensber, que deia que les formigues individualment no son llestes, per\u00f2 col\u00b7lectivament s\u00f3n molt intel\u00b7ligents, tot al contrari que els hom\u00ednids, que individualment s\u00f3n molt savis per\u00f2 col\u00b7lectivament gens. Aix\u00ed mateix, va recordar Eudald Carbonell quan diu que cal fer un salt c\u00f2smic a la consci\u00e8ncia col\u00b7lectiva. I per aconseguir-ho, segons Monr\u00e0s, cal mobilitzar o el camp de la mat\u00e8ria sin\u00f3 el de l\u2019energia. L\u2019energia, segons ell, \u00e9s el que fa que la gent es connecti positivament.<\/p>\n<p>La pr\u00f2xima conversa en directe ser\u00e0 el dijous 18 de juny a les 18:30 h amb Francesc Guillamet, fot\u00f2graf entre altre altres de Ferran Adri\u00e0 o el Celler de Can Roca.<\/p>\n","protected":false},"excerpt":{"rendered":"<p>El metge i president del Biomimetic Science Institute, Pere Monr\u00e0s, ha protagonitzat la conversa en directe per Instagram de la &#8230;<\/p>\n","protected":false},"author":2,"featured_media":4558,"comment_status":"open","ping_status":"open","sticky":false,"template":"","format":"standard","meta":{"footnotes":""},"categories":[10],"tags":[254,255,248,245],"class_list":["post-4578","post","type-post","status-publish","format-standard","has-post-thumbnail","hentry","category-activitats","tag-biomimetica","tag-ciencia","tag-converses","tag-instagram"],"_links":{"self":[{"href":"http:\/\/fundaciolluiscoromina.org\/index.php\/wp-json\/wp\/v2\/posts\/4578","targetHints":{"allow":["GET"]}}],"collection":[{"href":"http:\/\/fundaciolluiscoromina.org\/index.php\/wp-json\/wp\/v2\/posts"}],"about":[{"href":"http:\/\/fundaciolluiscoromina.org\/index.php\/wp-json\/wp\/v2\/types\/post"}],"author":[{"embeddable":true,"href":"http:\/\/fundaciolluiscoromina.org\/index.php\/wp-json\/wp\/v2\/users\/2"}],"replies":[{"embeddable":true,"href":"http:\/\/fundaciolluiscoromina.org\/index.php\/wp-json\/wp\/v2\/comments?post=4578"}],"version-history":[{"count":0,"href":"http:\/\/fundaciolluiscoromina.org\/index.php\/wp-json\/wp\/v2\/posts\/4578\/revisions"}],"wp:attachment":[{"href":"http:\/\/fundaciolluiscoromina.org\/index.php\/wp-json\/wp\/v2\/media?parent=4578"}],"wp:term":[{"taxonomy":"category","embeddable":true,"href":"http:\/\/fundaciolluiscoromina.org\/index.php\/wp-json\/wp\/v2\/categories?post=4578"},{"taxonomy":"post_tag","embeddable":true,"href":"http:\/\/fundaciolluiscoromina.org\/index.php\/wp-json\/wp\/v2\/tags?post=4578"}],"curies":[{"name":"wp","href":"https:\/\/api.w.org\/{rel}","templated":true}]}}