{"id":4581,"date":"2020-06-21T11:14:35","date_gmt":"2020-06-21T09:14:35","guid":{"rendered":"http:\/\/www.fundaciolluiscoromina.org\/?p=4581"},"modified":"2020-06-21T11:14:35","modified_gmt":"2020-06-21T09:14:35","slug":"el-concert-pel-bioce-deugenio-ampudia-al-liceu-amb-el-suport-de-la-fundacio-coromina","status":"publish","type":"post","link":"http:\/\/fundaciolluiscoromina.org\/index.php\/2020\/06\/21\/el-concert-pel-bioce-deugenio-ampudia-al-liceu-amb-el-suport-de-la-fundacio-coromina\/","title":{"rendered":"El \u00abConcert pel Bioc\u00e8\u00bb d&#8217;Eugenio Ampudia al Liceu amb el suport de la Fundaci\u00f3 Coromina"},"content":{"rendered":"<p>Aquest dilluns 22 de juny, el Gran Teatre del Liceu de Barcelona, acollir\u00e0 el \u00abConcert pel Bioc\u00e8\u00bb, que compta amb la col\u00b7laboraci\u00f3 de la Fundaci\u00f3 Llu\u00eds Coromina i que ha creat el reconegut artista conceptual Eugenio Ampudia. L&#8217;artista dirigir\u00e0 una proposta que busca innovar en els formats art\u00edstics: un concert que comptar\u00e0 com a p\u00fablic amb 2.292 plantes. Omplir el liceu de verd esperan\u00e7a. L&#8217;autor crear\u00e0 un seguit de fotografies i v\u00eddeos per deixar const\u00e0ncia de l&#8217;esdeveniment que el 2021 d&#8217;exposaran a l&#8217;espai Isern Dalmau de Barcelona. Blanca de la Torre \u00e9s la curadora del muntatge.<\/p>\n<p>Un quartet de corda interpretar\u00e0 \u201cCrisantemi\u201d, de Giacomo Puccini, davant una audi\u00e8ncia bot\u00e0nica, buscant exercir de detonant i punt de partida simb\u00f2lic per a reformular el present, precisament el dia que finalitza la declaraci\u00f3 de l&#8217;estat d&#8217;alarma decretat durant la pand\u00e8mia i es d\u00f3na pas a una esperada nova etapa.<\/p>\n<p>Estem conven\u00e7uts que aquesta original iniciativa tindr\u00e0 un impacte global, pel seu missatge, concepte i de moment que vivim. El dia despr\u00e9s, les plantes seran distribu\u00efdes entre el personal sanitari de l&#8217;Hospital Cl\u00ednic de Barcelona, com a mostra de reconeixement per la seva labor en la crisi sanit\u00e0ria.<\/p>\n<p>M&#8217;agradaria convidar-te a seguir aquest esdeveniment \u00fanic en directe a trav\u00e9s d&#8217;aquest enlla\u00e7<\/p>\n<p>(<a href=\"https:\/\/www.liceubarcelona.cat\/ca\/concierto_bioceno\">https:\/\/www.liceubarcelona.cat\/ca\/concierto_bioceno<\/a>) Aquest dilluns 22 de juny, a les 17.00h.<\/p>\n<p>Aquesta acci\u00f3 respon al desig de la Fundaci\u00f3 Llu\u00eds Coromina de donar suport a iniciatives disruptives que posen de valor la import\u00e0ncia de preservar els ecosistemes naturals, ja que nosaltres tamb\u00e9 som natura i que, alhora, demostren aquesta interdepend\u00e8ncia que tenim amb l&#8217;entorn. Aix\u00ed mateix, aquesta acci\u00f3 tamb\u00e9 vol agrair el treball dels professionals sanitaris i recordar que la salut de tots est\u00e0 directament relacionada amb la salut del planeta. El m\u00f3n vegetal i, molt especialment els boscos, s\u00f3n fonamentals per a una atmosfera neta i poder reduir els gasos amb efecte d&#8217;hivernacle causants de la crisi clim\u00e0tica.<\/p>\n","protected":false},"excerpt":{"rendered":"<p>Aquest dilluns 22 de juny, el Gran Teatre del Liceu de Barcelona, acollir\u00e0 el \u00abConcert pel Bioc\u00e8\u00bb, que compta amb &#8230;<\/p>\n","protected":false},"author":2,"featured_media":4582,"comment_status":"open","ping_status":"open","sticky":false,"template":"","format":"standard","meta":{"footnotes":""},"categories":[14,15,10,9,12],"tags":[],"class_list":["post-4581","post","type-post","status-publish","format-standard","has-post-thumbnail","hentry","category-accions-culturals","category-accions-socials","category-activitats","category-historic","category-publicacions"],"_links":{"self":[{"href":"http:\/\/fundaciolluiscoromina.org\/index.php\/wp-json\/wp\/v2\/posts\/4581","targetHints":{"allow":["GET"]}}],"collection":[{"href":"http:\/\/fundaciolluiscoromina.org\/index.php\/wp-json\/wp\/v2\/posts"}],"about":[{"href":"http:\/\/fundaciolluiscoromina.org\/index.php\/wp-json\/wp\/v2\/types\/post"}],"author":[{"embeddable":true,"href":"http:\/\/fundaciolluiscoromina.org\/index.php\/wp-json\/wp\/v2\/users\/2"}],"replies":[{"embeddable":true,"href":"http:\/\/fundaciolluiscoromina.org\/index.php\/wp-json\/wp\/v2\/comments?post=4581"}],"version-history":[{"count":0,"href":"http:\/\/fundaciolluiscoromina.org\/index.php\/wp-json\/wp\/v2\/posts\/4581\/revisions"}],"wp:attachment":[{"href":"http:\/\/fundaciolluiscoromina.org\/index.php\/wp-json\/wp\/v2\/media?parent=4581"}],"wp:term":[{"taxonomy":"category","embeddable":true,"href":"http:\/\/fundaciolluiscoromina.org\/index.php\/wp-json\/wp\/v2\/categories?post=4581"},{"taxonomy":"post_tag","embeddable":true,"href":"http:\/\/fundaciolluiscoromina.org\/index.php\/wp-json\/wp\/v2\/tags?post=4581"}],"curies":[{"name":"wp","href":"https:\/\/api.w.org\/{rel}","templated":true}]}}