{"id":4596,"date":"2020-06-23T11:32:35","date_gmt":"2020-06-23T09:32:35","guid":{"rendered":"http:\/\/www.fundaciolluiscoromina.org\/?p=4596"},"modified":"2020-06-23T11:32:35","modified_gmt":"2020-06-23T09:32:35","slug":"robert-bellsola-vuite-convidat-a-les-converses-en-directe-per-instagram","status":"publish","type":"post","link":"http:\/\/fundaciolluiscoromina.org\/index.php\/2020\/06\/23\/robert-bellsola-vuite-convidat-a-les-converses-en-directe-per-instagram\/","title":{"rendered":"Robert Bellsol\u00e0, vuit\u00e8 convidat a les converses en directe per Instagram"},"content":{"rendered":"<p>Robert Bellsol\u00e0 \u00e9s el proper protagonista de les converses en directe per Instagram organitzades per la Fundaci\u00f3 Llu\u00eds Coromina. Llicenciat en Economia i Dret, el giron\u00ed regenta les set fleques artesanes Antiga Casa Bellsol\u00e0, juntament amb la seva dona Mireia Oliveras, un projecte d\u2019artesania i tradici\u00f3 flequera estretament vinculat amb el moviment ciclista de la capital gironina. El projecte ciclista Antiga Casa Bellsol\u00e0-Girona Cycling Team \u00e9s una iniciativa nascuda amb la intenci\u00f3 de recolzar i entrenar als joves cicilstes de Catalunya, de manera que es configuri un equip capa\u00e7 de participar al Tour, al Giro i a la Vuelta Ciclista. Una iniciativa que t\u00e9 un doble objectiu: per una banda, crear una pedrera de ciclistes a la ciutat de Girona -considerada per a molts la Meca del Ciclisme a Europa- i, per l&#8217;altra, aconseguir el suport de diverses marques i empreses per crear i impulsar el primer equip professional cicilista de Catalunya. Bellsol\u00e0 tamb\u00e9 ha desenvolupat la seva faceta m\u00e9s art\u00edstica i creativa com a productor i director de cinema: ha dirigit diversos documentals per a la televisi\u00f3 i ha estrenat pel\u00b7l\u00edcules com \u201cPassi el que passi\u201d (2011) o \u201cDos a la carta\u201d (2014).<\/p>\n<p>El vuit\u00e8 di\u00e0leg en directe d&#8217;aquest cicle de confer\u00e8ncies impulsat per la Fundaci\u00f3 tindr\u00e0 lloc el dijous 25 de juny a les 18:30 h a trav\u00e9s del perfil d&#8217;Instagram @fundaciolluiscoromina. La responsable de l&#8217;\u00c0rea social de la Fundaci\u00f3, Eva\u00a0Collell ser\u00e0 l\u2019encarregada de moderar aquesta conversa, que compta amb la col\u00b7laboraci\u00f3 de l\u2019Antiga Casa Bellsol\u00e0 \u2013 Girona Cycling Team.<\/p>\n","protected":false},"excerpt":{"rendered":"<p>Robert Bellsol\u00e0 \u00e9s el proper protagonista de les converses en directe per Instagram organitzades per la Fundaci\u00f3 Llu\u00eds Coromina. Llicenciat &#8230;<\/p>\n","protected":false},"author":2,"featured_media":4597,"comment_status":"open","ping_status":"open","sticky":false,"template":"","format":"standard","meta":{"footnotes":""},"categories":[14,15],"tags":[],"class_list":["post-4596","post","type-post","status-publish","format-standard","has-post-thumbnail","hentry","category-accions-culturals","category-accions-socials"],"_links":{"self":[{"href":"http:\/\/fundaciolluiscoromina.org\/index.php\/wp-json\/wp\/v2\/posts\/4596","targetHints":{"allow":["GET"]}}],"collection":[{"href":"http:\/\/fundaciolluiscoromina.org\/index.php\/wp-json\/wp\/v2\/posts"}],"about":[{"href":"http:\/\/fundaciolluiscoromina.org\/index.php\/wp-json\/wp\/v2\/types\/post"}],"author":[{"embeddable":true,"href":"http:\/\/fundaciolluiscoromina.org\/index.php\/wp-json\/wp\/v2\/users\/2"}],"replies":[{"embeddable":true,"href":"http:\/\/fundaciolluiscoromina.org\/index.php\/wp-json\/wp\/v2\/comments?post=4596"}],"version-history":[{"count":0,"href":"http:\/\/fundaciolluiscoromina.org\/index.php\/wp-json\/wp\/v2\/posts\/4596\/revisions"}],"wp:attachment":[{"href":"http:\/\/fundaciolluiscoromina.org\/index.php\/wp-json\/wp\/v2\/media?parent=4596"}],"wp:term":[{"taxonomy":"category","embeddable":true,"href":"http:\/\/fundaciolluiscoromina.org\/index.php\/wp-json\/wp\/v2\/categories?post=4596"},{"taxonomy":"post_tag","embeddable":true,"href":"http:\/\/fundaciolluiscoromina.org\/index.php\/wp-json\/wp\/v2\/tags?post=4596"}],"curies":[{"name":"wp","href":"https:\/\/api.w.org\/{rel}","templated":true}]}}