{"id":4609,"date":"2020-06-24T09:00:11","date_gmt":"2020-06-24T07:00:11","guid":{"rendered":"http:\/\/www.fundaciolluiscoromina.org\/?p=4609"},"modified":"2020-06-24T09:00:11","modified_gmt":"2020-06-24T07:00:11","slug":"intervencio-artistica-diex-cosmonauta-i-miquel-samaniego-a-lespai-eat-art-de-la-fundacio-lluis-coromina","status":"publish","type":"post","link":"http:\/\/fundaciolluiscoromina.org\/index.php\/2020\/06\/24\/intervencio-artistica-diex-cosmonauta-i-miquel-samaniego-a-lespai-eat-art-de-la-fundacio-lluis-coromina\/","title":{"rendered":"Intervenci\u00f3 art\u00edstica d&#8217;IEX Cosmonauta i Miquel Samaniego a l\u2019Espai Eat Art de la Fundaci\u00f3 Llu\u00eds Coromina"},"content":{"rendered":"<p>Intervenci\u00f3 art\u00edstica d&#8217;IEX Cosmonauta i Miquel Samaniego a l\u2019Espai Eat Art de la Fundaci\u00f3 Llu\u00eds Coromina. Ambd\u00f3s artistes s\u00f3n els encarregats de plasmar a les parets interiors de l\u2019espai expositiu\u00a0de Banyoles el marc conceptual i\u00a0els valors de la Fundaci\u00f3: ARTS &#8211; NATURA &#8211; PERSONES, i tamb\u00e9 el seu ecosistema d&#8217;entitats. L\u2019objectiu de la intervenci\u00f3 \u00e9s decorar les parets de\u00a0l&#8217;espai que acollir\u00e0\u00a0els tallers organitzats per l\u2019Escola Municipal de M\u00fasica de Banyoles i l\u2019Aula de Teatre en el\u00a0context del proper casal d\u2019estiu. La decoraci\u00f3 de les parets aportar\u00e0 valor creatiu i inspirador als nens i nenes que viuran en primera persona la creaci\u00f3 art\u00edstica a trav\u00e9s de diferents disciplines com la m\u00fasica, el teatre i la\u00a0dansa.<\/p>\n<p><a href=\"http:\/\/www.fundaciolluiscoromina.org\/wp-content\/uploads\/2020\/06\/PHOTO-2020-06-26-18-13-41-3.jpg\"><img loading=\"lazy\" decoding=\"async\" class=\"alignnone size-large wp-image-4618\" src=\"http:\/\/www.fundaciolluiscoromina.org\/wp-content\/uploads\/2020\/06\/PHOTO-2020-06-26-18-13-41-3-1024x768.jpg\" alt=\"\" width=\"1024\" height=\"768\" \/><\/a><\/p>\n<p><a href=\"http:\/\/www.fundaciolluiscoromina.org\/wp-content\/uploads\/2020\/06\/PHOTO-2020-06-26-18-13-40-3.jpg\"><img loading=\"lazy\" decoding=\"async\" class=\"alignnone size-large wp-image-4622\" src=\"http:\/\/www.fundaciolluiscoromina.org\/wp-content\/uploads\/2020\/06\/PHOTO-2020-06-26-18-13-40-3-1024x768.jpg\" alt=\"\" width=\"1024\" height=\"768\" \/><\/a><a href=\"http:\/\/www.fundaciolluiscoromina.org\/wp-content\/uploads\/2020\/06\/PHOTO-2020-06-26-18-13-39.jpg\"><img loading=\"lazy\" decoding=\"async\" class=\"alignnone size-large wp-image-4621\" src=\"http:\/\/www.fundaciolluiscoromina.org\/wp-content\/uploads\/2020\/06\/PHOTO-2020-06-26-18-13-39-1024x768.jpg\" alt=\"\" width=\"1024\" height=\"768\" \/><\/a><a href=\"http:\/\/www.fundaciolluiscoromina.org\/wp-content\/uploads\/2020\/06\/PHOTO-2020-06-26-18-13-41-2.jpg\"><img loading=\"lazy\" decoding=\"async\" class=\"alignnone size-large wp-image-4620\" src=\"http:\/\/www.fundaciolluiscoromina.org\/wp-content\/uploads\/2020\/06\/PHOTO-2020-06-26-18-13-41-2-1024x768.jpg\" alt=\"\" width=\"1024\" height=\"768\" \/><\/a><\/p>\n","protected":false},"excerpt":{"rendered":"<p>Intervenci\u00f3 art\u00edstica d&#8217;IEX Cosmonauta i Miquel Samaniego a l\u2019Espai Eat Art de la Fundaci\u00f3 Llu\u00eds Coromina. Ambd\u00f3s artistes s\u00f3n els &#8230;<\/p>\n","protected":false},"author":2,"featured_media":4619,"comment_status":"open","ping_status":"open","sticky":false,"template":"","format":"standard","meta":{"footnotes":""},"categories":[17],"tags":[],"class_list":["post-4609","post","type-post","status-publish","format-standard","has-post-thumbnail","hentry","category-exposicions-espai-eat-art"],"_links":{"self":[{"href":"http:\/\/fundaciolluiscoromina.org\/index.php\/wp-json\/wp\/v2\/posts\/4609","targetHints":{"allow":["GET"]}}],"collection":[{"href":"http:\/\/fundaciolluiscoromina.org\/index.php\/wp-json\/wp\/v2\/posts"}],"about":[{"href":"http:\/\/fundaciolluiscoromina.org\/index.php\/wp-json\/wp\/v2\/types\/post"}],"author":[{"embeddable":true,"href":"http:\/\/fundaciolluiscoromina.org\/index.php\/wp-json\/wp\/v2\/users\/2"}],"replies":[{"embeddable":true,"href":"http:\/\/fundaciolluiscoromina.org\/index.php\/wp-json\/wp\/v2\/comments?post=4609"}],"version-history":[{"count":0,"href":"http:\/\/fundaciolluiscoromina.org\/index.php\/wp-json\/wp\/v2\/posts\/4609\/revisions"}],"wp:attachment":[{"href":"http:\/\/fundaciolluiscoromina.org\/index.php\/wp-json\/wp\/v2\/media?parent=4609"}],"wp:term":[{"taxonomy":"category","embeddable":true,"href":"http:\/\/fundaciolluiscoromina.org\/index.php\/wp-json\/wp\/v2\/categories?post=4609"},{"taxonomy":"post_tag","embeddable":true,"href":"http:\/\/fundaciolluiscoromina.org\/index.php\/wp-json\/wp\/v2\/tags?post=4609"}],"curies":[{"name":"wp","href":"https:\/\/api.w.org\/{rel}","templated":true}]}}