{"id":4614,"date":"2020-06-28T09:43:36","date_gmt":"2020-06-28T07:43:36","guid":{"rendered":"http:\/\/www.fundaciolluiscoromina.org\/?p=4614"},"modified":"2020-06-28T09:43:36","modified_gmt":"2020-06-28T07:43:36","slug":"dia-internacional-de-lorgull-lgbtiq-28-de-juny","status":"publish","type":"post","link":"http:\/\/fundaciolluiscoromina.org\/index.php\/2020\/06\/28\/dia-internacional-de-lorgull-lgbtiq-28-de-juny\/","title":{"rendered":"Dia Internacional de l&#8217;Orgull LGBTIQ+ \/\/ 28 de juny"},"content":{"rendered":"<p><b>Dia Internacional de l&#8217;Orgull LGBTIQ+<\/b>. Celebrem de forma p\u00fablica per a instar per la toler\u00e0ncia i la igualtat de les persones lesbianes, gais, bisexuals, transsexuals, queer i altres orientacions sexuals o identitats de g\u00e8nere socialment marginades i oprimides. <span class=\"TextRun SCXW71263755 BCX0\" lang=\"CA-ES\" xml:lang=\"CA-ES\" data-contrast=\"none\"><span class=\"NormalTextRun SCXW71263755 BCX0\" data-ccp-charstyle=\"Ninguno\">Segons un<\/span><\/span><span class=\"TextRun SCXW71263755 BCX0\" lang=\"CA-ES\" xml:lang=\"CA-ES\" data-contrast=\"none\"><span class=\"NormalTextRun SCXW71263755 BCX0\" data-ccp-charstyle=\"Ninguno\">\u00a0informe de l\u2019<\/span><\/span><span class=\"TextRun SCXW71263755 BCX0\" lang=\"CA-ES\" xml:lang=\"CA-ES\" data-contrast=\"none\"><span class=\"NormalTextRun SCXW71263755 BCX0\" data-ccp-charstyle=\"Ninguno\">Ag\u00e8ncia de la Uni\u00f3 Europea per als Drets Fonamentals<\/span><\/span><span class=\"TextRun SCXW71263755 BCX0\" lang=\"CA-ES\" xml:lang=\"CA-ES\" data-contrast=\"none\"><span class=\"NormalTextRun SCXW71263755 BCX0\" data-ccp-charstyle=\"Ninguno\">\u00a0<\/span><\/span><span class=\"TextRun SCXW71263755 BCX0\" lang=\"CA-ES\" xml:lang=\"CA-ES\" data-contrast=\"none\"><span class=\"NormalTextRun SCXW71263755 BCX0\" data-ccp-charstyle=\"Ninguno\">(FRA)<\/span><\/span><span class=\"TextRun SCXW71263755 BCX0\" lang=\"CA-ES\" xml:lang=\"CA-ES\" data-contrast=\"none\"><span class=\"NormalTextRun SCXW71263755 BCX0\" data-ccp-charstyle=\"Ninguno\">,<\/span><\/span><span class=\"TextRun SCXW71263755 BCX0\" lang=\"CA-ES\" xml:lang=\"CA-ES\" data-contrast=\"none\"><span class=\"NormalTextRun SCXW71263755 BCX0\" data-ccp-charstyle=\"Ninguno\">\u00a0<\/span><\/span><span class=\"TextRun SCXW71263755 BCX0\" lang=\"CA-ES\" xml:lang=\"CA-ES\" data-contrast=\"none\"><span class=\"NormalTextRun SCXW71263755 BCX0\" data-ccp-charstyle=\"Ninguno\">encara persisteixen discriminacions vers les persones\u00a0<\/span><\/span><span class=\"TextRun SCXW71263755 BCX0\" lang=\"CA-ES\" xml:lang=\"CA-ES\" data-contrast=\"none\"><span class=\"NormalTextRun CommentStart SCXW71263755 BCX0\" data-ccp-charstyle=\"Ninguno\">LGB<\/span><\/span><span class=\"TextRun SCXW71263755 BCX0\" lang=\"CA-ES\" xml:lang=\"CA-ES\" data-contrast=\"none\"><span class=\"NormalTextRun SCXW71263755 BCX0\" data-ccp-charstyle=\"Ninguno\">T<\/span><\/span><span class=\"TextRun SCXW71263755 BCX0\" lang=\"CA-ES\" xml:lang=\"CA-ES\" data-contrast=\"none\"><span class=\"NormalTextRun SCXW71263755 BCX0\" data-ccp-charstyle=\"Ninguno\">IQ+<\/span><\/span><span class=\"TextRun SCXW71263755 BCX0\" lang=\"CA-ES\" xml:lang=\"CA-ES\" data-contrast=\"none\"><span class=\"NormalTextRun SCXW71263755 BCX0\" data-ccp-charstyle=\"Ninguno\"> tant en l\u2019acc\u00e9s a l\u2019ocupaci\u00f3 com en les relacions laborals.\u00a0 En concret,\u00a0<\/span><\/span><span class=\"TextRun SCXW71263755 BCX0\" lang=\"CA-ES\" xml:lang=\"CA-ES\" data-contrast=\"none\"><span class=\"NormalTextRun SCXW71263755 BCX0\" data-ccp-charstyle=\"Ninguno\">un 21% de les persones enquestades es van\u00a0<\/span><\/span><span class=\"TextRun SCXW71263755 BCX0\" lang=\"CA-ES\" xml:lang=\"CA-ES\" data-contrast=\"none\"><span class=\"NormalTextRun SCXW71263755 BCX0\" data-ccp-charstyle=\"Ninguno\">sentir discriminades a la feina pel fet d<\/span><\/span><span class=\"TextRun SCXW71263755 BCX0\" lang=\"CA-ES\" xml:lang=\"CA-ES\" data-contrast=\"none\"><span class=\"NormalTextRun SCXW71263755 BCX0\" data-ccp-charstyle=\"Ninguno\">\u2019identificar-se com a<\/span><\/span><span class=\"TextRun SCXW71263755 BCX0\" lang=\"CA-ES\" xml:lang=\"CA-ES\" data-contrast=\"none\"><span class=\"NormalTextRun SCXW71263755 BCX0\" data-ccp-charstyle=\"Ninguno\">\u00a0LGBTI<\/span><\/span><span class=\"TextRun SCXW71263755 BCX0\" lang=\"CA-ES\" xml:lang=\"CA-ES\" data-contrast=\"none\"><span class=\"NormalTextRun SCXW71263755 BCX0\" data-ccp-charstyle=\"Ninguno\">.\u00a0<\/span><\/span><span class=\"EOP SCXW71263755 BCX0\" data-ccp-props=\"{&quot;134233117&quot;:true,&quot;134233118&quot;:true,&quot;201341983&quot;:0,&quot;335559740&quot;:240}\">\u00a0<\/span><\/p>\n<p><strong>DISCRIMINACIONS A CATALUNYA.<\/strong> Les discriminacions contra el col\u00b7lectiu LGTBI a Catalunya van cr\u00e9ixer un 41,6% el 2019 en comparaci\u00f3 amb l&#8217;any anterior, segons recull l&#8217;informe anual de l&#8217;Observatori Contra l&#8217;Homof\u00f2bia (OCH) presentat aquest dijous 25 de juny de 2020. En total s&#8217;han registrat 160 incid\u00e8ncies, mentre que el 2018 en van ser 113. El repunt de casos fa que l&#8217;OCH reclami a les administracions l&#8217;impuls de pol\u00edtiques p\u00fabliques contra la LGTBIf\u00f2bia.<\/p>\n<p>Del total de casos registrats el 2019, el 59% els van comunicar homes gais o bisexuals. Un 16% va ser de car\u00e0cter generalista -\u00e9s a dir, que afecten tot el col\u00b7lectiu LGTBI-, un 11% va afectar dones lesbianes o bisexuals i un 10% dones transsexuals. La majoria de casos afecten persones de 18 a 60 anys, mentre que decauen pel que fa a menors d&#8217;edat o majors de 60. La majoria d&#8217;incid\u00e8ncies les han comunicat joves de 26 a 35 anys (33,7% del total).<\/p>\n<div class=\"intext-publi\">\n<div id=\"sas_62415\">Pel que fa a la distribuci\u00f3 territorial, Barcelona \u00e9s la demarcaci\u00f3 on s&#8217;han registrat m\u00e9s casos (115) i la majoria d&#8217;aquests han tingut lloc a la capital, amb un 55%. El regidor de Drets de Ciutadania de l&#8217;Ajuntament de Barcelona, Marc Serra, ha qualificat les dades de l&#8217;informe de \u00abpreocupants\u00bb per\u00f2 ha defensat que s\u00ed Barcelona lidera el r\u00e0nquing no \u00e9s perqu\u00e8 hi hagi m\u00e9s LGTBIf\u00f2bia que a altres municipis, sin\u00f3 perqu\u00e8 es denuncia m\u00e9s.<\/div>\n<div><\/div>\n<\/div>\n<p><strong>LA REVOLTA DE STONEWALL.<\/strong> Aquesta festa t\u00e9 lloc entorn el 28 de juny o b\u00e9 el primer dissabte posterior a aquest, data en qu\u00e8 es commemoren la revolta de Stonewall que van tenir lloc a Nova York el 1969 i que es considera que marquen l&#8217;inici de l&#8217;alliberament dels col\u00b7lectius no heterosexuals.<\/p>\n<p>Va consistir en una s\u00e8rie de manifestacions espont\u00e0nies i violentes contra una batuda policial que va tenir lloc a la matinada del 28 de juny de 1969 al bar conegut com a Stonewall Inn del barri novaiorqu\u00e8s de Greenwich Village. Freq\u00fcentment es cita aquesta revolta com la primera ocasi\u00f3, en la hist\u00f2ria dels Estats Units, en qu\u00e8 la comunitat LGBT va lluitar contra un sistema que perseguia els homosexuals amb el benepl\u00e0cit del govern, i s\u00f3n generalment reconeguts com el catalitzador del moviment modern pro drets LGBT als Estats Units i a tot el m\u00f3n.<\/p>\n<p>&nbsp;<\/p>\n","protected":false},"excerpt":{"rendered":"<p>Dia Internacional de l&#8217;Orgull LGBTIQ+. Celebrem de forma p\u00fablica per a instar per la toler\u00e0ncia i la igualtat de les &#8230;<\/p>\n","protected":false},"author":2,"featured_media":4615,"comment_status":"open","ping_status":"open","sticky":false,"template":"","format":"standard","meta":{"footnotes":""},"categories":[15],"tags":[],"class_list":["post-4614","post","type-post","status-publish","format-standard","has-post-thumbnail","hentry","category-accions-socials"],"_links":{"self":[{"href":"http:\/\/fundaciolluiscoromina.org\/index.php\/wp-json\/wp\/v2\/posts\/4614","targetHints":{"allow":["GET"]}}],"collection":[{"href":"http:\/\/fundaciolluiscoromina.org\/index.php\/wp-json\/wp\/v2\/posts"}],"about":[{"href":"http:\/\/fundaciolluiscoromina.org\/index.php\/wp-json\/wp\/v2\/types\/post"}],"author":[{"embeddable":true,"href":"http:\/\/fundaciolluiscoromina.org\/index.php\/wp-json\/wp\/v2\/users\/2"}],"replies":[{"embeddable":true,"href":"http:\/\/fundaciolluiscoromina.org\/index.php\/wp-json\/wp\/v2\/comments?post=4614"}],"version-history":[{"count":0,"href":"http:\/\/fundaciolluiscoromina.org\/index.php\/wp-json\/wp\/v2\/posts\/4614\/revisions"}],"wp:attachment":[{"href":"http:\/\/fundaciolluiscoromina.org\/index.php\/wp-json\/wp\/v2\/media?parent=4614"}],"wp:term":[{"taxonomy":"category","embeddable":true,"href":"http:\/\/fundaciolluiscoromina.org\/index.php\/wp-json\/wp\/v2\/categories?post=4614"},{"taxonomy":"post_tag","embeddable":true,"href":"http:\/\/fundaciolluiscoromina.org\/index.php\/wp-json\/wp\/v2\/tags?post=4614"}],"curies":[{"name":"wp","href":"https:\/\/api.w.org\/{rel}","templated":true}]}}