{"id":462,"date":"2011-07-06T12:00:54","date_gmt":"2011-07-06T12:00:54","guid":{"rendered":"https:\/\/espaieatart.wordpress.com\/2011\/06\/25\/es-constitueix-els-amics-de-lluis-vila\/"},"modified":"2011-07-06T12:00:54","modified_gmt":"2011-07-06T12:00:54","slug":"es-constitueix-els-amics-de-lluis-vila","status":"publish","type":"post","link":"http:\/\/fundaciolluiscoromina.org\/index.php\/2011\/07\/06\/es-constitueix-els-amics-de-lluis-vila\/","title":{"rendered":"Es constitueix els Amics de Llu\u00eds Vil\u00e0"},"content":{"rendered":"<p><a href=\"http:\/\/espaieatart.files.wordpress.com\/2011\/06\/20110626-002550.jpg\"><img loading=\"lazy\" decoding=\"async\" class=\"alignnone \" src=\"http:\/\/espaieatart.files.wordpress.com\/2011\/06\/20110626-002550.jpg\" alt=\"20110626-002550.jpg\" width=\"279\" height=\"339\" \/><\/a><a href=\"http:\/\/espaieatart.files.wordpress.com\/2011\/06\/20110626-002534.jpg\"><img loading=\"lazy\" decoding=\"async\" class=\"alignnone \" src=\"http:\/\/espaieatart.files.wordpress.com\/2011\/06\/20110626-002534.jpg\" alt=\"20110626-002534.jpg\" width=\"281\" height=\"343\" \/><\/a><\/p>\n<p>Despr\u00e9s de quasi un any de treball intens, d&#8217;un treball gr\u00e0cies a l&#8217;esfor\u00e7 d&#8217;un equip cohesionat i il\u00b7lusionat, i amb la complicitat de la fam\u00edlia Vil\u00e0 i el mecenatge de Llu\u00eds Coromina, faltava una pedra m\u00e9s per complementar l&#8217;Espai Eat Art i el Llu\u00eds Vil\u00e0 Showroom de Banyoles: ens estem referint als Amics de Llu\u00eds Vil\u00e0. Sens dubte, tots els que estem en aquest vaixell vam ser amics de Vil\u00e0, per\u00f2 una associaci\u00f3 com aquesta ens pot ajudar a fer m\u00e9s caliu a l&#8217;entorn de Vil\u00e0. Una entitat de nova formaci\u00f3 que t\u00e9 tot el suport del nostre centre des del primer moment. Ells han esperonat a fer de Sant Llu\u00eds, un dia i una efem\u00e8ride per la qual recordarem a un altre \u00absant\u00bb, amb una altra m\u00edstica, del m\u00f3n de l&#8217;art i nascut a Banyoles en el segle XX.<\/p>\n<p>En Jaume Vil\u00e0, Felici\u00e0 Butiny\u00e0, l&#8217;Anna Mas\u00f3, la Rosa Casellas, en Met Serrat, en Quim Fern\u00e0ndez, en Marc Curri\u00e0, en Francesc Daranas, en Guillem Vil\u00e0, en David de la Calva, en Joan de la Parra&#8230; s\u00f3n algunes de les persones que han treballat en aquest reconeixement i que ha comptat tamb\u00e9 amb la col.laboraci\u00f3 m\u00e9s i menys estreta de la gent del forn Can Japet, en Josep Cortada, en Francesc Viladiu,\u00a0en Toti Pau,\u00a0 en Miquel Aguirre, que, en la seva primera edici\u00f3, ens ha dut sorpreses de tota mena, fins i tot, un mural gegant patrocinat pel nostre espai i que l&#8217;artista banyol\u00ed Francesc Daranas ha realitzat amb la complicitat de nenes i nens de la ciutat. Una obra impressionant que ha estat penjada a la fa\u00e7ana de l&#8217;espai eat art \u2013antiga casa de l&#8217;artista\u2013 durant un parell de dies. Una obra coral \u2013potser l&#8217;\u00fanic retret (si en pot haver-hi) seria haver-hi trobat poques refer\u00e8ncies a l&#8217;univers d&#8217;en Vil\u00e0\u2013 i que reflecteix la complicitat de molta gent per dur-la a terme. Una complicitat que tamb\u00e9 s&#8217;ha materialitzat amb la resta d&#8217;actes que s&#8217;han programat. Tot i que sempre hi ha temes a millorar, \u00e9s un molt bon comen\u00e7ament. I, ja des del primer moment, tindran des d&#8217;aquest blog un amplificador a tots els seus actes i, com no, esperem acollir-ne una bona colla d&#8217;ells.<\/p>\n<p><strong>Ricard Planas Camps<\/strong>, <em>director de l&#8217;espai eat art i del llu\u00eds vil\u00e0 showroom<\/em><\/p>\n","protected":false},"excerpt":{"rendered":"<p>Despr\u00e9s de quasi un any de treball intens, d&#8217;un treball gr\u00e0cies a l&#8217;esfor\u00e7 d&#8217;un equip cohesionat i il\u00b7lusionat, i amb &#8230;<\/p>\n","protected":false},"author":1,"featured_media":1882,"comment_status":"open","ping_status":"open","sticky":false,"template":"","format":"standard","meta":{"footnotes":""},"categories":[9],"tags":[],"class_list":["post-462","post","type-post","status-publish","format-standard","has-post-thumbnail","hentry","category-historic"],"_links":{"self":[{"href":"http:\/\/fundaciolluiscoromina.org\/index.php\/wp-json\/wp\/v2\/posts\/462","targetHints":{"allow":["GET"]}}],"collection":[{"href":"http:\/\/fundaciolluiscoromina.org\/index.php\/wp-json\/wp\/v2\/posts"}],"about":[{"href":"http:\/\/fundaciolluiscoromina.org\/index.php\/wp-json\/wp\/v2\/types\/post"}],"author":[{"embeddable":true,"href":"http:\/\/fundaciolluiscoromina.org\/index.php\/wp-json\/wp\/v2\/users\/1"}],"replies":[{"embeddable":true,"href":"http:\/\/fundaciolluiscoromina.org\/index.php\/wp-json\/wp\/v2\/comments?post=462"}],"version-history":[{"count":0,"href":"http:\/\/fundaciolluiscoromina.org\/index.php\/wp-json\/wp\/v2\/posts\/462\/revisions"}],"wp:attachment":[{"href":"http:\/\/fundaciolluiscoromina.org\/index.php\/wp-json\/wp\/v2\/media?parent=462"}],"wp:term":[{"taxonomy":"category","embeddable":true,"href":"http:\/\/fundaciolluiscoromina.org\/index.php\/wp-json\/wp\/v2\/categories?post=462"},{"taxonomy":"post_tag","embeddable":true,"href":"http:\/\/fundaciolluiscoromina.org\/index.php\/wp-json\/wp\/v2\/tags?post=462"}],"curies":[{"name":"wp","href":"https:\/\/api.w.org\/{rel}","templated":true}]}}