{"id":4627,"date":"2020-06-30T16:37:42","date_gmt":"2020-06-30T14:37:42","guid":{"rendered":"http:\/\/www.fundaciolluiscoromina.org\/?p=4627"},"modified":"2020-06-30T16:37:42","modified_gmt":"2020-06-30T14:37:42","slug":"robert-bellsola-el-nostre-somni-es-convertir-nos-en-el-primer-equip-catala-que-participa-al-tour-de-franca","status":"publish","type":"post","link":"http:\/\/fundaciolluiscoromina.org\/index.php\/2020\/06\/30\/robert-bellsola-el-nostre-somni-es-convertir-nos-en-el-primer-equip-catala-que-participa-al-tour-de-franca\/","title":{"rendered":"Robert Bellsol\u00e0: \u00abEl nostre somni \u00e9s convertir-nos en el primer equip catal\u00e0 que participa al Tour de Fran\u00e7a\u00bb"},"content":{"rendered":"<p>La Fundaci\u00f3 Llu\u00eds Coromina ha seguit el dijous 25 de juny amb el vuit\u00e8 di\u00e0leg del cicle de converses en directe a trav\u00e9s d&#8217;Instagram. El giron\u00ed Robert Bellsol\u00e0, propietari de les fleques Antiga Casa Bellsol\u00e0 i responsable de l&#8217;equip de ciclisme d\u2019\u00e8lit Sub-23 Antiga Casa Bellsol\u00e0-Girona Cycling Team, ha estat el protagonista de la xerrada amb el director de la fundaci\u00f3, Ricard Planas.<\/p>\n<p>&nbsp;<\/p>\n<p>La conversa va comen\u00e7ar fent refer\u00e8cia a la situaci\u00f3 actual i excecional causada pel COVID-19, i com aquesta havia afectat a l\u2019equip de ciclisme. Bellsol\u00e0 va explicar que \u00a0havia provocat un gran trastorn a l\u2019equip ja que els seus ciclistes, especialment els internacionals, havien hagut de parar els seus entrenaments i havien hagut de tornar als seus pa\u00efsos natals.<\/p>\n<p>Despr\u00e9s de parlar de l\u2019Espai Eat Art, on antigament hi havia viscut l\u2019artista Llu\u00eds Vil\u00e0 i on actualment hi conviuen cultura i esport, el director de la Fundaci\u00f3 es va centrar en la faceta m\u00e9s art\u00edstica del convidat, qui tamb\u00e9 exerceix com a director i productor de cinema. Ricard Planas va preguntar qu\u00e8 havia dut a una persona del m\u00f3n del cinema i de la producci\u00f3 audiovisual a crear un equip de ciclisme professional, i perqu\u00e8 aquest s&#8217;havia establert a Banyoles.<\/p>\n<p>El giron\u00ed va iniciar la seva resposta parlant dels seus or\u00edgens, els quals es remunten al 1892, quan la seva fam\u00edlia es va iniciar en el m\u00f3n de l\u2019artesania flequera. Despr\u00e9s de parlar del context hist\u00f2ric, Robert Bellsol\u00e0 va parlar de la seva funci\u00f3 com a gerent de les set fleques artesanes Antiga Casa Bellsol\u00e0, situades a la ciutat de Girona, i de la seva passi\u00f3 per el ciclisme. Arrel d\u2019una trobada amb l\u2019ex ciclista professional Johnny Weltz, i gr\u00e0cies al patrocini de l\u2019empresa flequera de Bellsol\u00e0, va n\u00e9ixer el projecte de l\u2019equip professional de ciclisme Antiga Casa Bellsol\u00e0-Girona Cycling Team. El convidat va explicar que aquestes dues facetes m\u00e9s professionals li permetien desenvolupar la seva passi\u00f3 per l\u2019audiovisual i el cinema, generant continguts al voltant de les seves viv\u00e8ncies com a ciclista.<\/p>\n<p>A continuaci\u00f3, el protagonista d&#8217;aquest nov\u00e8 di\u00e0leg va anunciar que enguany l\u2019equip ciclista ha decidit ascendir a la categor\u00eda \u00c8lit Sub-23, amb l\u2019objectiu d\u2019accedir a la segona divisi\u00f3 del ciclisme professional en els propers anys i poder participar al Tour de Fran\u00e7a o el Giro d\u2019It\u00e0lia. \u201cEl nostre somni \u00e9s arribar al Tour de Fran\u00e7a i convertir-nos en el primer equip catal\u00e0 de la hist\u00f2ria que aconsegueix formar part d\u2019aquesta competici\u00f3\u201d, va afirmar. D\u2019aquesta forma, Robert Bellsol\u00e0 va destacar que el projecte seguiria treballant especialment en la cantera base de ciclistes, per tal d\u2019arribar a consolidar aquest equip d\u2019\u00e8lit amb corredors professionals.<\/p>\n<p>Pel que fa a la ubicaci\u00f3 de l&#8217;equip, Bellsol\u00e0 va argumentar que \u00abBanyoles \u00e9s un parad\u00eds pel ciclisme degut a l\u2019excel\u00b7lent mobilitat pel territori, el qual \u00e9s idoni per a realitzar els entrenaments\u201d. Tamb\u00e9 va posar en relleu la connexi\u00f3 i l\u2019acord de col\u00b7laboraci\u00f3 de l\u2019equip ciclista amb la Fundaci\u00f3 Llu\u00eds Coromina i el Grup AgriEnergia, que ha perm\u00e8s engegar el projecte de cantera i disposar d\u2019una infraestructura log\u00edstica per a l\u2019equip. Aix\u00ed doncs, en el proc\u00e9s de creaci\u00f3 d\u2019aquesta \u201ccantera de ciclistes d\u2019\u00e8lit\u201d, Bellsol\u00e0 va fer refer\u00e8ncia a la manca d\u2019aportacions econ\u00f2miques per part de les empreses que gestionen les curses i les competicions, les quals no aportan cap tipus d&#8217;ajuda als equips privats. \u201cHi ha una necessitat d\u2019innovaci\u00f3 constant per tal d\u2019atreure l\u2019inter\u00e8s d\u2019empreses que vulguin apostar per aquest projecte tan ambici\u00f3s\u201d, va remarcar el responsable de l\u2019equip ciclista Antiga Casa Bellsol\u00e0-Girona Cycling Team.<\/p>\n<p>Tot seguit, Ricard Planas va dir que un dels prinicapals motius que havien captivat a la Fundaci\u00f3 Llu\u00eds Coromina a l\u2019hora de col\u00b7laborar amb el projecte ciclista era tota la dimensi\u00f3 de l\u2019esport com a formaci\u00f3 i traject\u00f2ria humana i professional. El convidat va corroborar les paraules del director de la fundaci\u00f3 destacant la participaci\u00f3 de l\u2019esp\u00f2nsor Value School, una entitat sense \u00e0nim de lucre que busca promoure la cultura financera entre els corredors.<\/p>\n<p>Per acabar la conversa, Robert Bellsol\u00e0 va comentar que de tot aquest proc\u00e9s de creaci\u00f3 de la \u201cmasia\u201d o \u00abcantera de ciclistes\u00bb a Girona tenia com a objectiu final crear el primer equip ciclista catal\u00e0 professional, i va afegir que ell mateix s\u2019havia encarregat de enregistrar tot el proc\u00e9s. \u201cSi arribem a aconseguir aquest objectiu final, i posicionem l\u2019equip a l\u2019\u00e8lit professional del ciclisme i participem al Tour de Fran\u00e7a, despr\u00e9s en podrem extreure un o dos documentals que difondran els valors i els reptes assolits durant tot el proc\u00e9s\u201d, va afirmar el director de cinema. \u201cEl ciclisme \u00e9s una escola on qualsevol \u00e9sser hum\u00e0 apr\u00e8n que les coses que es volen s\u2019han de lluitar\u201d, va concloure. Bellsol\u00e0 va acabar el di\u00e0leg parlant de la solitud del ciclista, i de la seva felicitat al poder combinar esport i cultura.<\/p>\n<p>&nbsp;<\/p>\n<p>Aquest nov\u00e8 di\u00e0leg ha estat l\u2019\u00faltim del cicle de converses a trav\u00e9s d\u2019Instagram impulsat des de la Fundaci\u00f3 Llu\u00eds Coromina, el qual es tornar\u00e0 a reprendre despr\u00e9s de l\u2019estiu.<\/p>\n","protected":false},"excerpt":{"rendered":"<p>La Fundaci\u00f3 Llu\u00eds Coromina ha seguit el dijous 25 de juny amb el vuit\u00e8 di\u00e0leg del cicle de converses en &#8230;<\/p>\n","protected":false},"author":2,"featured_media":4597,"comment_status":"open","ping_status":"open","sticky":false,"template":"","format":"standard","meta":{"footnotes":""},"categories":[14,15,10,9,12],"tags":[],"class_list":["post-4627","post","type-post","status-publish","format-standard","has-post-thumbnail","hentry","category-accions-culturals","category-accions-socials","category-activitats","category-historic","category-publicacions"],"_links":{"self":[{"href":"http:\/\/fundaciolluiscoromina.org\/index.php\/wp-json\/wp\/v2\/posts\/4627","targetHints":{"allow":["GET"]}}],"collection":[{"href":"http:\/\/fundaciolluiscoromina.org\/index.php\/wp-json\/wp\/v2\/posts"}],"about":[{"href":"http:\/\/fundaciolluiscoromina.org\/index.php\/wp-json\/wp\/v2\/types\/post"}],"author":[{"embeddable":true,"href":"http:\/\/fundaciolluiscoromina.org\/index.php\/wp-json\/wp\/v2\/users\/2"}],"replies":[{"embeddable":true,"href":"http:\/\/fundaciolluiscoromina.org\/index.php\/wp-json\/wp\/v2\/comments?post=4627"}],"version-history":[{"count":0,"href":"http:\/\/fundaciolluiscoromina.org\/index.php\/wp-json\/wp\/v2\/posts\/4627\/revisions"}],"wp:attachment":[{"href":"http:\/\/fundaciolluiscoromina.org\/index.php\/wp-json\/wp\/v2\/media?parent=4627"}],"wp:term":[{"taxonomy":"category","embeddable":true,"href":"http:\/\/fundaciolluiscoromina.org\/index.php\/wp-json\/wp\/v2\/categories?post=4627"},{"taxonomy":"post_tag","embeddable":true,"href":"http:\/\/fundaciolluiscoromina.org\/index.php\/wp-json\/wp\/v2\/tags?post=4627"}],"curies":[{"name":"wp","href":"https:\/\/api.w.org\/{rel}","templated":true}]}}