{"id":4634,"date":"2020-07-10T12:16:47","date_gmt":"2020-07-10T10:16:47","guid":{"rendered":"http:\/\/www.fundaciolluiscoromina.org\/?p=4634"},"modified":"2020-07-10T12:16:47","modified_gmt":"2020-07-10T10:16:47","slug":"una-vuitantena-dinfants-gaudeixen-del-casal-destiu-que-comenci-a-lespai-eat-art","status":"publish","type":"post","link":"http:\/\/fundaciolluiscoromina.org\/index.php\/2020\/07\/10\/una-vuitantena-dinfants-gaudeixen-del-casal-destiu-que-comenci-a-lespai-eat-art\/","title":{"rendered":"Els nens i nenes del casal \u00abQue comenci!\u00bb omplen l&#8217;Espai Eat Art de creativitat i activitats d&#8217;estiu"},"content":{"rendered":"<p>El casal d\u2019arts esc\u00e8niques &#8216;Que comenci!&#8217;, organitzat per l\u2019Escola Municipal de M\u00fasica de Banyoles i l\u2019Aula de Teatre, ha omplert l&#8217;Espai Eat Art de creativitat i diverses activitats d&#8217;estiu. Els nens i nenes que hi participen gaudiran de diverses propostes de m\u00fasica, teatre i altres activitats de lleure durant tot el mes de juliol. La Fundaci\u00f3 Llu\u00eds Coromina ha cedit l&#8217;espai siutat a la Pla\u00e7a Major a l\u2019Ajuntament de Banyoles per tal de dur a terme aquesta proposta estiuenca amb les mesures de distanciament social corresponents. El casal va comen\u00e7ar dilluns 29 de juny i s\u2019allargar\u00e0 durant cinc setmanes, fins al 31 de juliol. Es pot seguir el dia a dia d&#8217;aquest espai de lleure a l\u2019Instagram\u00a0<a href=\"https:\/\/www.instagram.com\/quecomenci\/\" target=\"_blank\" rel=\"noopener noreferrer\">@quecomenci<\/a>.<\/p>\n","protected":false},"excerpt":{"rendered":"<p>El casal d\u2019arts esc\u00e8niques &#8216;Que comenci!&#8217;, organitzat per l\u2019Escola Municipal de M\u00fasica de Banyoles i l\u2019Aula de Teatre, ha omplert &#8230;<\/p>\n","protected":false},"author":2,"featured_media":4636,"comment_status":"open","ping_status":"open","sticky":false,"template":"","format":"standard","meta":{"footnotes":""},"categories":[15,10,11,12],"tags":[],"class_list":["post-4634","post","type-post","status-publish","format-standard","has-post-thumbnail","hentry","category-accions-socials","category-activitats","category-educacio-2","category-publicacions"],"_links":{"self":[{"href":"http:\/\/fundaciolluiscoromina.org\/index.php\/wp-json\/wp\/v2\/posts\/4634","targetHints":{"allow":["GET"]}}],"collection":[{"href":"http:\/\/fundaciolluiscoromina.org\/index.php\/wp-json\/wp\/v2\/posts"}],"about":[{"href":"http:\/\/fundaciolluiscoromina.org\/index.php\/wp-json\/wp\/v2\/types\/post"}],"author":[{"embeddable":true,"href":"http:\/\/fundaciolluiscoromina.org\/index.php\/wp-json\/wp\/v2\/users\/2"}],"replies":[{"embeddable":true,"href":"http:\/\/fundaciolluiscoromina.org\/index.php\/wp-json\/wp\/v2\/comments?post=4634"}],"version-history":[{"count":0,"href":"http:\/\/fundaciolluiscoromina.org\/index.php\/wp-json\/wp\/v2\/posts\/4634\/revisions"}],"wp:attachment":[{"href":"http:\/\/fundaciolluiscoromina.org\/index.php\/wp-json\/wp\/v2\/media?parent=4634"}],"wp:term":[{"taxonomy":"category","embeddable":true,"href":"http:\/\/fundaciolluiscoromina.org\/index.php\/wp-json\/wp\/v2\/categories?post=4634"},{"taxonomy":"post_tag","embeddable":true,"href":"http:\/\/fundaciolluiscoromina.org\/index.php\/wp-json\/wp\/v2\/tags?post=4634"}],"curies":[{"name":"wp","href":"https:\/\/api.w.org\/{rel}","templated":true}]}}