{"id":4647,"date":"2020-07-28T09:31:45","date_gmt":"2020-07-28T07:31:45","guid":{"rendered":"http:\/\/www.fundaciolluiscoromina.org\/?p=4647"},"modified":"2020-07-28T09:31:45","modified_gmt":"2020-07-28T07:31:45","slug":"la-drecera-miquel-martin-presenta-el-seu-darrer-llibre-a-lespai-eat-art","status":"publish","type":"post","link":"http:\/\/fundaciolluiscoromina.org\/index.php\/2020\/07\/28\/la-drecera-miquel-martin-presenta-el-seu-darrer-llibre-a-lespai-eat-art\/","title":{"rendered":"Aforament complet a la presentaci\u00f3 del llibre &#8216;La Drecera&#8217; de Miquel Mart\u00edn"},"content":{"rendered":"<p>La llibreria L&#8217;Altell de Banyoles\u00a0organitza la presentaci\u00f3 liter\u00e0ria del llibre <em>La Drecera<\/em> de Miquel Mart\u00edn, aquest dimarts 28 de juliol a les 19:30 h a l&#8217;Espai Eat Art, amb l&#8217;aforament complet. L&#8217;acte comptar\u00e0 amb la pres\u00e8ncia de l&#8217;autor, acompanyat de l&#8217;escriptor Josep M. Fonalleras.\u00a0<span class=\"\" lang=\"CA\">El narrador de <em>La Drecera<\/em> acaba de sortir de la infantesa i viu en un petit poble de l\u2019Empord\u00e0 amb els seus pares, que fan de masovers al xalet d\u2019una fam\u00edlia benestant. El protagonista observa la vida dels senyors i els seus fills, que habiten un m\u00f3n inaccessible i cada vegada m\u00e9s contradictori per a ell i, amb el pas dels dies i les estacions, replegar\u00e0 la seva mirada sobre l\u2019entorn que el veu cr\u00e9ixer i que sembla perillar cada cop m\u00e9s, amena\u00e7at per un nou model de vida.\u00a0 El darrer llibre de Miquel Mart\u00edn\u00a0<\/span><span class=\"\" lang=\"CA\">ens descriu un paisatge f\u00edsic i hum\u00e0 desaparegut, v\u00edctima de la pressi\u00f3 urban\u00edstica. D&#8217;aquesta forma, l&#8217;autor reivindica les arrels d\u2019un poble situat entre la terra i el mar i ens ofereix, amb una delicadesa fora del com\u00fa, un relat exquisit i subtil sobre el tr\u00e0nsit a la vida adulta.\u00a0<\/span>L&#8217;activitat compta amb la col\u00b7laboraci\u00f3 de la Fundaci\u00f3 Llu\u00eds Coromina, que ha cedit el jard\u00ed de l&#8217;Espai Eat Art.<\/p>\n<p>&nbsp;<\/p>\n","protected":false},"excerpt":{"rendered":"<p>La llibreria L&#8217;Altell de Banyoles\u00a0organitza la presentaci\u00f3 liter\u00e0ria del llibre La Drecera de Miquel Mart\u00edn, aquest dimarts 28 de juliol &#8230;<\/p>\n","protected":false},"author":2,"featured_media":4651,"comment_status":"open","ping_status":"open","sticky":false,"template":"","format":"standard","meta":{"footnotes":""},"categories":[10],"tags":[],"class_list":["post-4647","post","type-post","status-publish","format-standard","has-post-thumbnail","hentry","category-activitats"],"_links":{"self":[{"href":"http:\/\/fundaciolluiscoromina.org\/index.php\/wp-json\/wp\/v2\/posts\/4647","targetHints":{"allow":["GET"]}}],"collection":[{"href":"http:\/\/fundaciolluiscoromina.org\/index.php\/wp-json\/wp\/v2\/posts"}],"about":[{"href":"http:\/\/fundaciolluiscoromina.org\/index.php\/wp-json\/wp\/v2\/types\/post"}],"author":[{"embeddable":true,"href":"http:\/\/fundaciolluiscoromina.org\/index.php\/wp-json\/wp\/v2\/users\/2"}],"replies":[{"embeddable":true,"href":"http:\/\/fundaciolluiscoromina.org\/index.php\/wp-json\/wp\/v2\/comments?post=4647"}],"version-history":[{"count":0,"href":"http:\/\/fundaciolluiscoromina.org\/index.php\/wp-json\/wp\/v2\/posts\/4647\/revisions"}],"wp:attachment":[{"href":"http:\/\/fundaciolluiscoromina.org\/index.php\/wp-json\/wp\/v2\/media?parent=4647"}],"wp:term":[{"taxonomy":"category","embeddable":true,"href":"http:\/\/fundaciolluiscoromina.org\/index.php\/wp-json\/wp\/v2\/categories?post=4647"},{"taxonomy":"post_tag","embeddable":true,"href":"http:\/\/fundaciolluiscoromina.org\/index.php\/wp-json\/wp\/v2\/tags?post=4647"}],"curies":[{"name":"wp","href":"https:\/\/api.w.org\/{rel}","templated":true}]}}