{"id":4658,"date":"2020-07-23T10:31:45","date_gmt":"2020-07-23T08:31:45","guid":{"rendered":"http:\/\/www.fundaciolluiscoromina.org\/?p=4658"},"modified":"2020-07-23T10:31:45","modified_gmt":"2020-07-23T08:31:45","slug":"la-fundacio-lluis-coromina-publica-8-converses-per-aquest-sant-jordi-2020","status":"publish","type":"post","link":"http:\/\/fundaciolluiscoromina.org\/index.php\/2020\/07\/23\/la-fundacio-lluis-coromina-publica-8-converses-per-aquest-sant-jordi-2020\/","title":{"rendered":"La Fundaci\u00f3 Llu\u00eds Coromina publica &#8216;8 converses per aquest Sant Jordi 2020&#8217;"},"content":{"rendered":"<p>Amb motiu de la celebraci\u00f3 la diada de Sant Jordi reprogramada per aquest 23 de juliol, la Fundaci\u00f3 Llu\u00eds Coromina publica <em><strong>8 converses per aquest Sant Jordi 2020<\/strong><\/em>, un extracte de les converses amb persones i entitats vinculades a la Fundaci\u00f3, que van tenir lloc durant els mesos de maig i juny a trav\u00e9s de l&#8217;Instagram de l&#8217;entitat. Malgrat les dificultats a les que s&#8217;afronta aquesta diada tradicional, l&#8217;entitat vol sumar-se a la jornada dedicada a la lectura i recolzar la iniciativa de la Cambra del Llibre i el Gremi de Floristes, que han apostat per tirar endavant la celebraci\u00f3 i propiciar el retrobament de lectors, escriptors i llibreters.<\/p>\n<p>La publicaci\u00f3 <em>8 converses per aquest Sant Jordi 2020<\/em> recull els diferents di\u00e0legs que van tenir lloc entre el director de la Fundaci\u00f3 Llu\u00eds Coromina, Ricard Planas, i diverses persones vinculades a l&#8217;entitat i estretament relacionades amb els tres pilars principals de la fundaci\u00f3: les persones, l&#8217;art i la natura. Aix\u00ed doncs, durant dos mesos es van mantenir vuit converses amb diferents persones referents dins el m\u00f3n sociocultural catal\u00e0, entre les que trobem l&#8217;artista sonora Laia Torrents de cabosanroque, el cineasta Albert Serra, el fot\u00f2graf gastron\u00f2mic Francesc Guillamet, el fot\u00f2graf documentalista Tino Soriano, la directora de la Fundaci\u00f3 Mona Olga Feliu, el director de l&#8217;entitat Plant for the Planet Jordi Juan\u00f3s, el polifac\u00e8tic ciclista Robert Bellsol\u00e0 i\u00a0el metge i president del Biomimetic Science Institute Pere Monr\u00e0s. Una publicaci\u00f3 especial que, tal i com indica el seu editor Joan Solana, inclou vuit di\u00e0legs interessants i clarividents, \u00abque conviden a l\u2019exig\u00e8ncia i a l\u2019esperan\u00e7a, a pensar diferent -que, segurament, \u00e9s la millor manera de pensar- i al comprom\u00eds (una paraula gastada) amb el lloc i el temps que vivim\u00bb.<\/p>\n<p>Podeu descarregar-vos les<em> 8 converses per aquest Sant Jordi 2020<\/em> <a href=\"http:\/\/www.fundaciolluiscoromina.org\/wp-content\/uploads\/2020\/07\/CONVERSES-SANT-JORDI.pdf\" target=\"_blank\" rel=\"noopener\"><strong>en aquest enlla\u00e7<\/strong><\/a>.<\/p>\n<p><a href=\"http:\/\/www.fundaciolluiscoromina.org\/wp-content\/uploads\/2020\/07\/CONVERSES-SANT-JORDI.pdf\" target=\"_blank\" rel=\"noopener\"><img loading=\"lazy\" decoding=\"async\" class=\"alignnone size-medium wp-image-4660\" src=\"http:\/\/www.fundaciolluiscoromina.org\/wp-content\/uploads\/2020\/07\/titol-300x96.jpg\" alt=\"\" width=\"300\" height=\"96\" \/><\/a><\/p>\n<p>&nbsp;<\/p>\n","protected":false},"excerpt":{"rendered":"<p>Amb motiu de la celebraci\u00f3 la diada de Sant Jordi reprogramada per aquest 23 de juliol, la Fundaci\u00f3 Llu\u00eds Coromina &#8230;<\/p>\n","protected":false},"author":2,"featured_media":4659,"comment_status":"open","ping_status":"open","sticky":false,"template":"","format":"standard","meta":{"footnotes":""},"categories":[10],"tags":[],"class_list":["post-4658","post","type-post","status-publish","format-standard","has-post-thumbnail","hentry","category-activitats"],"_links":{"self":[{"href":"http:\/\/fundaciolluiscoromina.org\/index.php\/wp-json\/wp\/v2\/posts\/4658","targetHints":{"allow":["GET"]}}],"collection":[{"href":"http:\/\/fundaciolluiscoromina.org\/index.php\/wp-json\/wp\/v2\/posts"}],"about":[{"href":"http:\/\/fundaciolluiscoromina.org\/index.php\/wp-json\/wp\/v2\/types\/post"}],"author":[{"embeddable":true,"href":"http:\/\/fundaciolluiscoromina.org\/index.php\/wp-json\/wp\/v2\/users\/2"}],"replies":[{"embeddable":true,"href":"http:\/\/fundaciolluiscoromina.org\/index.php\/wp-json\/wp\/v2\/comments?post=4658"}],"version-history":[{"count":0,"href":"http:\/\/fundaciolluiscoromina.org\/index.php\/wp-json\/wp\/v2\/posts\/4658\/revisions"}],"wp:attachment":[{"href":"http:\/\/fundaciolluiscoromina.org\/index.php\/wp-json\/wp\/v2\/media?parent=4658"}],"wp:term":[{"taxonomy":"category","embeddable":true,"href":"http:\/\/fundaciolluiscoromina.org\/index.php\/wp-json\/wp\/v2\/categories?post=4658"},{"taxonomy":"post_tag","embeddable":true,"href":"http:\/\/fundaciolluiscoromina.org\/index.php\/wp-json\/wp\/v2\/tags?post=4658"}],"curies":[{"name":"wp","href":"https:\/\/api.w.org\/{rel}","templated":true}]}}