{"id":4672,"date":"2020-08-01T10:00:58","date_gmt":"2020-08-01T08:00:58","guid":{"rendered":"http:\/\/www.fundaciolluiscoromina.org\/?p=4672"},"modified":"2020-08-01T10:00:58","modified_gmt":"2020-08-01T08:00:58","slug":"fusio_lart-del-te-lexposicio-virtual-de-carles-bros","status":"publish","type":"post","link":"http:\/\/fundaciolluiscoromina.org\/index.php\/2020\/08\/01\/fusio_lart-del-te-lexposicio-virtual-de-carles-bros\/","title":{"rendered":"&#8216;Fusi\u00f3_L&#8217;art del te&#8217;, la nova exposici\u00f3 de Carles Bros"},"content":{"rendered":"<p>La Fundaci\u00f3 Llu\u00eds Coromina recupera l&#8217;exposici\u00f3\u00a0<em><strong>Fusi\u00f3_L\u2019art del te<\/strong><\/em> <strong>de l\u2019artista Carles Bros<\/strong>,<strong> c<\/strong>ancel\u00b7lada a causa de l&#8217;emerg\u00e8ncia sanit\u00e0ria de la Covid-19 al mes de mar\u00e7. Es tracta d&#8217;una mostra\u00a0dedicada a la cultura oriental i a l&#8217;art del te que neix arran de les moltes cerim\u00f2nies a les quals ha assistit l\u2019autor en els seus viatges a la Xina. Formada per obres pict\u00f2riques realitzades amb te, tinta xinesa, embalatges i lletres xineses, l\u2019exposici\u00f3 ha estat creada de manera gestual i minimalista, a partir de la filosofia <em>zen<\/em> de l\u2019artista.<\/p>\n<p>A partir del dissabte 1 d&#8217;agost, l&#8217;exposici\u00f3 <em>Fusi\u00f3_L&#8217;art del te<\/em> estar\u00e0 disponible en format online en aquesta p\u00e0gina. Aix\u00ed mateix, les obres originals de l&#8217;artista tamb\u00e9 es podran visitar presencialment a la <a href=\"https:\/\/www.associaciocomerciantsllanca.cat\/ca\/establiments-associats\/lleure-i-cultura\/art\/galeria-d-art-carles-bros\/\" target=\"_blank\" rel=\"noopener\"><strong>Galeria Carles Bros de Llan\u00e7\u00e0<\/strong><\/a>, cada dia d&#8217;11 h a 14 h i de 18 h a 21 h, fins al 31 d&#8217;agost.<\/p>\n<p>Carles Bros \u00e9s un pintor i escultor nascut a Terrassa (1956) que s\u2019ha dedicat a l\u2019art des de ben petit, quan treballava i estudiava amb la seva mare Joaquima Solanes, tamb\u00e9 artista i pintora. S\u2019ha format a l\u2019Escola Mart\u00ednez Lozano, a les Jornades d\u2019estudis d\u2019art contemporani de la Universitat de Girona i al Cercle Art\u00edstic de Barcelona, on va fer els estudis de Comissariat i Gestor Cultural. Des del 2012, Carles Bros ha estat l\u2019impulsor, promotor i comissari de la Mostra d\u2019Art Contemporani TramuntanArt i del ColerArt, i ha realitzat nombrosos viatges per Europa, \u00c0sia i \u00c0frica. Despr\u00e9s d\u2019haver participat a m\u00e9s de cinquanta exposicions individuals i d\u2019haver rebut diversos reconeixements a nivell nacional i internacional, Bros \u00e9s considerat un artista de renom a les comarques gironines.<\/p>\n<p><iframe loading=\"lazy\" src=\"https:\/\/player.vimeo.com\/video\/442637138\" width=\"550\" height=\"300\" frameborder=\"0\" allowfullscreen=\"allowfullscreen\"><\/iframe><\/p>\n<p><a href=\"http:\/\/www.fundaciolluiscoromina.org\/wp-content\/uploads\/2020\/08\/90795532_666586280742952_6014996707572449280_n.jpg\"><img loading=\"lazy\" decoding=\"async\" class=\"alignnone size-medium wp-image-4708\" src=\"http:\/\/www.fundaciolluiscoromina.org\/wp-content\/uploads\/2020\/08\/90795532_666586280742952_6014996707572449280_n-300x234.jpg\" alt=\"\" width=\"300\" height=\"234\" \/><\/a><a href=\"http:\/\/www.fundaciolluiscoromina.org\/wp-content\/uploads\/2020\/08\/87364208_548043349401649_7690004927623462912_n.jpg\"><img loading=\"lazy\" decoding=\"async\" class=\"alignnone size-medium wp-image-4697\" src=\"http:\/\/www.fundaciolluiscoromina.org\/wp-content\/uploads\/2020\/08\/87364208_548043349401649_7690004927623462912_n-300x296.jpg\" alt=\"\" width=\"300\" height=\"296\" \/><\/a> <a href=\"http:\/\/www.fundaciolluiscoromina.org\/wp-content\/uploads\/2020\/08\/87987738_2862451360508326_4309359460825956352_o.jpg\"><img loading=\"lazy\" decoding=\"async\" class=\"alignnone size-medium wp-image-4698\" src=\"http:\/\/www.fundaciolluiscoromina.org\/wp-content\/uploads\/2020\/08\/87987738_2862451360508326_4309359460825956352_o-300x223.jpg\" alt=\"\" width=\"300\" height=\"223\" \/><\/a> <a href=\"http:\/\/www.fundaciolluiscoromina.org\/wp-content\/uploads\/2020\/08\/89423710_250916549248460_7419765250351693824_n.jpg\"><img loading=\"lazy\" decoding=\"async\" class=\"alignnone size-medium wp-image-4700\" src=\"http:\/\/www.fundaciolluiscoromina.org\/wp-content\/uploads\/2020\/08\/89423710_250916549248460_7419765250351693824_n-300x300.jpg\" alt=\"\" width=\"300\" height=\"300\" \/><\/a><a href=\"http:\/\/www.fundaciolluiscoromina.org\/wp-content\/uploads\/2020\/08\/89348294_1177465965940993_3846269485606502400_n.jpg\"><img loading=\"lazy\" decoding=\"async\" class=\"alignnone size-medium wp-image-4699\" src=\"http:\/\/www.fundaciolluiscoromina.org\/wp-content\/uploads\/2020\/08\/89348294_1177465965940993_3846269485606502400_n-300x300.jpg\" alt=\"\" width=\"300\" height=\"300\" \/><\/a> <a href=\"http:\/\/www.fundaciolluiscoromina.org\/wp-content\/uploads\/2020\/08\/89739656_294361198202322_3257124522351919104_n-1.jpg\"><img loading=\"lazy\" decoding=\"async\" class=\"alignnone size-medium wp-image-4703\" src=\"http:\/\/www.fundaciolluiscoromina.org\/wp-content\/uploads\/2020\/08\/89739656_294361198202322_3257124522351919104_n-1-300x217.jpg\" alt=\"\" width=\"300\" height=\"217\" \/><\/a> <a href=\"http:\/\/www.fundaciolluiscoromina.org\/wp-content\/uploads\/2020\/08\/89872084_2900686933351435_1429876311706304512_o.jpg\"><img loading=\"lazy\" decoding=\"async\" class=\"alignnone size-medium wp-image-4704\" src=\"http:\/\/www.fundaciolluiscoromina.org\/wp-content\/uploads\/2020\/08\/89872084_2900686933351435_1429876311706304512_o-300x235.jpg\" alt=\"\" width=\"300\" height=\"235\" \/><\/a><a href=\"http:\/\/www.fundaciolluiscoromina.org\/wp-content\/uploads\/2020\/08\/90707981_643832196398175_6221409313945026560_n.jpg\"><img loading=\"lazy\" decoding=\"async\" class=\"alignnone size-medium wp-image-4706\" src=\"http:\/\/www.fundaciolluiscoromina.org\/wp-content\/uploads\/2020\/08\/90707981_643832196398175_6221409313945026560_n-300x225.jpg\" alt=\"\" width=\"300\" height=\"225\" \/><\/a><a href=\"http:\/\/www.fundaciolluiscoromina.org\/wp-content\/uploads\/2020\/08\/89480194_812631225925611_2513660718432124928_n.jpg\"><img loading=\"lazy\" decoding=\"async\" class=\"alignnone size-medium wp-image-4701\" src=\"http:\/\/www.fundaciolluiscoromina.org\/wp-content\/uploads\/2020\/08\/89480194_812631225925611_2513660718432124928_n-297x300.jpg\" alt=\"\" width=\"297\" height=\"300\" \/><\/a> <a href=\"http:\/\/www.fundaciolluiscoromina.org\/wp-content\/uploads\/2020\/08\/90061331_666695190828356_3136842150751240192_n.jpg\"><img loading=\"lazy\" decoding=\"async\" class=\"alignnone size-medium wp-image-4705\" src=\"http:\/\/www.fundaciolluiscoromina.org\/wp-content\/uploads\/2020\/08\/90061331_666695190828356_3136842150751240192_n-300x229.jpg\" alt=\"\" width=\"300\" height=\"229\" \/><\/a> <a href=\"http:\/\/www.fundaciolluiscoromina.org\/wp-content\/uploads\/2020\/08\/90715365_2666451423576486_2710779002691256320_n-2.jpg\"><img loading=\"lazy\" decoding=\"async\" class=\"alignnone size-medium wp-image-4707\" src=\"http:\/\/www.fundaciolluiscoromina.org\/wp-content\/uploads\/2020\/08\/90715365_2666451423576486_2710779002691256320_n-2-300x229.jpg\" alt=\"\" width=\"300\" height=\"229\" \/><\/a> <a href=\"http:\/\/www.fundaciolluiscoromina.org\/wp-content\/uploads\/2020\/08\/in-tetera.jpg\"><img loading=\"lazy\" decoding=\"async\" class=\"alignnone size-medium wp-image-4709\" src=\"http:\/\/www.fundaciolluiscoromina.org\/wp-content\/uploads\/2020\/08\/in-tetera-300x246.jpg\" alt=\"\" width=\"300\" height=\"246\" \/><\/a><a href=\"http:\/\/www.fundaciolluiscoromina.org\/wp-content\/uploads\/2020\/08\/89519565_561565327786465_7610058440735457280_n.jpg\"><img loading=\"lazy\" decoding=\"async\" class=\"alignnone size-medium wp-image-4702\" src=\"http:\/\/www.fundaciolluiscoromina.org\/wp-content\/uploads\/2020\/08\/89519565_561565327786465_7610058440735457280_n-300x225.jpg\" alt=\"\" width=\"300\" height=\"225\" \/><\/a><\/p>\n","protected":false},"excerpt":{"rendered":"<p>La Fundaci\u00f3 Llu\u00eds Coromina recupera l&#8217;exposici\u00f3\u00a0Fusi\u00f3_L\u2019art del te de l\u2019artista Carles Bros, cancel\u00b7lada a causa de l&#8217;emerg\u00e8ncia sanit\u00e0ria de la &#8230;<\/p>\n","protected":false},"author":2,"featured_media":4350,"comment_status":"open","ping_status":"open","sticky":false,"template":"","format":"standard","meta":{"footnotes":""},"categories":[14,10,12],"tags":[],"class_list":["post-4672","post","type-post","status-publish","format-standard","has-post-thumbnail","hentry","category-accions-culturals","category-activitats","category-publicacions"],"_links":{"self":[{"href":"http:\/\/fundaciolluiscoromina.org\/index.php\/wp-json\/wp\/v2\/posts\/4672","targetHints":{"allow":["GET"]}}],"collection":[{"href":"http:\/\/fundaciolluiscoromina.org\/index.php\/wp-json\/wp\/v2\/posts"}],"about":[{"href":"http:\/\/fundaciolluiscoromina.org\/index.php\/wp-json\/wp\/v2\/types\/post"}],"author":[{"embeddable":true,"href":"http:\/\/fundaciolluiscoromina.org\/index.php\/wp-json\/wp\/v2\/users\/2"}],"replies":[{"embeddable":true,"href":"http:\/\/fundaciolluiscoromina.org\/index.php\/wp-json\/wp\/v2\/comments?post=4672"}],"version-history":[{"count":0,"href":"http:\/\/fundaciolluiscoromina.org\/index.php\/wp-json\/wp\/v2\/posts\/4672\/revisions"}],"wp:attachment":[{"href":"http:\/\/fundaciolluiscoromina.org\/index.php\/wp-json\/wp\/v2\/media?parent=4672"}],"wp:term":[{"taxonomy":"category","embeddable":true,"href":"http:\/\/fundaciolluiscoromina.org\/index.php\/wp-json\/wp\/v2\/categories?post=4672"},{"taxonomy":"post_tag","embeddable":true,"href":"http:\/\/fundaciolluiscoromina.org\/index.php\/wp-json\/wp\/v2\/tags?post=4672"}],"curies":[{"name":"wp","href":"https:\/\/api.w.org\/{rel}","templated":true}]}}