{"id":4714,"date":"2020-08-11T10:16:17","date_gmt":"2020-08-11T08:16:17","guid":{"rendered":"http:\/\/www.fundaciolluiscoromina.org\/?p=4714"},"modified":"2020-08-11T10:16:17","modified_gmt":"2020-08-11T08:16:17","slug":"visites-virtuals-a-la-plataforma-digital-itinerari-pels-barris-de-girona","status":"publish","type":"post","link":"http:\/\/fundaciolluiscoromina.org\/index.php\/2020\/08\/11\/visites-virtuals-a-la-plataforma-digital-itinerari-pels-barris-de-girona\/","title":{"rendered":"Visites virtuals a la plataforma digital &#8216;Itinerari pels barris de Girona&#8217;"},"content":{"rendered":"<p class=\"zfr3Q\" dir=\"ltr\">La Fundaci\u00f3 Llu\u00eds Coromina ha donat suport a la creaci\u00f3 de la <a href=\"https:\/\/itinerari-barris.csii.cat\/\">plataforma digital <em>Itinerari pels barris de Girona<\/em><\/a>, un projecte impulsat per la\u00a0Universitat de Girona (UdG) i dirigit per Llu\u00eds Costa que ha comptat amb la participaci\u00f3\u00a0 de quaranta estudiants del grau de Comunicaci\u00f3 Cultural de la UdG. Aquesta iniciativa es tracta d&#8217;un treball\u00a0did\u00e0ctic i l\u00fadic que permet a qualsevol usuari, tant si \u00e9s ciutad\u00e0 de Girona com visitant, rec\u00f3rrer i experimentar, de manera virtual i f\u00edsica, indrets, carrers i places de vuit barris de la ciutat de Girona: Font de la P\u00f3lvora, Germans S\u00e0bat, Montju\u00efc, Pont Major, Santa Eug\u00e8nia de Ter i Can Gibert del Pla, Torre Gironella i les Pedreres, Sant Narc\u00eds, i Vila-roja. Cada barri compta amb quatre apartats -hist\u00f2ria, esdeveniments, itinerari i mapa-, aix\u00ed com diverses entrevistes que enriqueixen el contingut. A banda de poder realitzar els itineraris de manera virtual, est\u00e0 previst poder-los fer en un futur pr\u00f2xim de manera presencial. El projecte tamb\u00e9 a comptat amb el\u00a0suport de l\u2019Ajuntament de Girona, la Generalitat de Catalunya, El Celler de Can Roca i Bonart Cultural.<\/p>\n<p dir=\"ltr\">Es poden realitzar les visites virtuals pels diversos barris gironins <a href=\"https:\/\/itinerari-barris.csii.cat\/\">en aquest enlla\u00e7<\/a>.<\/p>\n","protected":false},"excerpt":{"rendered":"<p>La Fundaci\u00f3 Llu\u00eds Coromina ha donat suport a la creaci\u00f3 de la plataforma digital Itinerari pels barris de Girona, un &#8230;<\/p>\n","protected":false},"author":2,"featured_media":4715,"comment_status":"open","ping_status":"open","sticky":false,"template":"","format":"standard","meta":{"footnotes":""},"categories":[14,15,10,11,9,12],"tags":[],"class_list":["post-4714","post","type-post","status-publish","format-standard","has-post-thumbnail","hentry","category-accions-culturals","category-accions-socials","category-activitats","category-educacio-2","category-historic","category-publicacions"],"_links":{"self":[{"href":"http:\/\/fundaciolluiscoromina.org\/index.php\/wp-json\/wp\/v2\/posts\/4714","targetHints":{"allow":["GET"]}}],"collection":[{"href":"http:\/\/fundaciolluiscoromina.org\/index.php\/wp-json\/wp\/v2\/posts"}],"about":[{"href":"http:\/\/fundaciolluiscoromina.org\/index.php\/wp-json\/wp\/v2\/types\/post"}],"author":[{"embeddable":true,"href":"http:\/\/fundaciolluiscoromina.org\/index.php\/wp-json\/wp\/v2\/users\/2"}],"replies":[{"embeddable":true,"href":"http:\/\/fundaciolluiscoromina.org\/index.php\/wp-json\/wp\/v2\/comments?post=4714"}],"version-history":[{"count":0,"href":"http:\/\/fundaciolluiscoromina.org\/index.php\/wp-json\/wp\/v2\/posts\/4714\/revisions"}],"wp:attachment":[{"href":"http:\/\/fundaciolluiscoromina.org\/index.php\/wp-json\/wp\/v2\/media?parent=4714"}],"wp:term":[{"taxonomy":"category","embeddable":true,"href":"http:\/\/fundaciolluiscoromina.org\/index.php\/wp-json\/wp\/v2\/categories?post=4714"},{"taxonomy":"post_tag","embeddable":true,"href":"http:\/\/fundaciolluiscoromina.org\/index.php\/wp-json\/wp\/v2\/tags?post=4714"}],"curies":[{"name":"wp","href":"https:\/\/api.w.org\/{rel}","templated":true}]}}