{"id":4727,"date":"2020-09-09T11:48:16","date_gmt":"2020-09-09T09:48:16","guid":{"rendered":"http:\/\/www.fundaciolluiscoromina.org\/?p=4727"},"modified":"2020-09-09T11:48:16","modified_gmt":"2020-09-09T09:48:16","slug":"lespai-isern-dalmau-acull-lexposicio-pasqual-maragall-mira-10-anys-despres","status":"publish","type":"post","link":"http:\/\/fundaciolluiscoromina.org\/index.php\/2020\/09\/09\/lespai-isern-dalmau-acull-lexposicio-pasqual-maragall-mira-10-anys-despres\/","title":{"rendered":"L&#8217;exposici\u00f3 &#8216;Pasqual Maragall mira, 10 anys despr\u00e9s&#8217;, a l&#8217;Espai Isern Dalmau de Barcelona"},"content":{"rendered":"<p>L&#8217;Espai Isern Dalmau de la Fundaci\u00f3 Llu\u00eds Coromina acull l&#8217;exposici\u00f3 <em>Pasqual Maragall mira, 10 anys despr\u00e9s<\/em>, una mostra que recull diverses imatges que Pasqual Maragall va realitzar amb el seu tel\u00e8fon m\u00f2bil entre el 2008 i el 2010, i que donen lloc a un <em>autoretrat<\/em> sorprenent de l&#8217;emblem\u00e0tic pol\u00edtic. M\u00e9s enll\u00e0 de la mostra d&#8217;imatges, el projecte tamb\u00e9 engloba la publicaci\u00f3 del fotollibre ideat per Caro Garcia i editat per BLUME, <em>Pasqual Maragall mira<\/em>, el qual inclou gran part de les fotografies que es podran veure a l&#8217;exposici\u00f3.<\/p>\n<p>La inauguraci\u00f3 de la mostra tindr\u00e0 lloc <strong>el dijous 17 de setembre a les 19:30 h<\/strong>\u00a0i comptar\u00e0 amb la pres\u00e8ncia de Llu\u00eds Coromina, president de la Fundaci\u00f3, i Cristina Maragall, filla del reconegut pol\u00edtic i presidenta de la Fundaci\u00f3 Pasqual Maragall. Tamb\u00e9 hi seran presents Caro Garcia, principal creadora del projecte i de la publicaci\u00f3 del fotollibre, aix\u00ed com Rafa Badia i Ricard Planas, cocuradors d&#8217;aquesta exposici\u00f3 que inclou algunes imatges in\u00e8dites que amplien i completen el projecte original de Caro Garcia. <strong>L&#8217;acte inaugural es retransmetr\u00e0 en directe el mateix dijous 17 de setembre a trav\u00e9s <a href=\"https:\/\/www.facebook.com\/fundaciolluiscoromina\">\u00a0la p\u00e0gina de Facebook de la Fundaci\u00f3<\/a>\u00a0(19:30 h).<\/strong><\/p>\n<p>A causa de la situaci\u00f3 excepcional generada per la Covid-19 i les conseq\u00fcents mesures de seguretat establertes, l&#8217;exposici\u00f3\u00a0<em>Pasqual Maragall mira, 10 anys despr\u00e9s\u00a0<\/em><strong>tindr\u00e0 un aforament limitat.<\/strong>\u00a0Les visites es realitzaran en grups de m\u00e0xim 10 persones i els assistents disposaran\u00a0d&#8217;un temps limitat per veure l&#8217;exposici\u00f3. Els horaris de visita de l&#8217;exposici\u00f3 seran de dimarts a divendres de 17 h a 20 h, i\u00a0dissabtes de 10 h a 13 h.<\/p>\n<p><a href=\"http:\/\/www.fundaciolluiscoromina.org\/wp-content\/uploads\/2020\/09\/PM-050.jpg\"><img loading=\"lazy\" decoding=\"async\" class=\"alignnone size-medium wp-image-4736\" src=\"http:\/\/www.fundaciolluiscoromina.org\/wp-content\/uploads\/2020\/09\/PM-050-260x300.jpg\" alt=\"\" width=\"260\" height=\"300\" \/><\/a> <a href=\"http:\/\/www.fundaciolluiscoromina.org\/wp-content\/uploads\/2020\/09\/PM-056.jpg\"><img loading=\"lazy\" decoding=\"async\" class=\"alignnone size-medium wp-image-4737\" src=\"http:\/\/www.fundaciolluiscoromina.org\/wp-content\/uploads\/2020\/09\/PM-056-257x300.jpg\" alt=\"\" width=\"257\" height=\"300\" \/><\/a> <a href=\"http:\/\/www.fundaciolluiscoromina.org\/wp-content\/uploads\/2020\/09\/PM-095.jpg\"><img loading=\"lazy\" decoding=\"async\" class=\"alignnone size-medium wp-image-4738\" src=\"http:\/\/www.fundaciolluiscoromina.org\/wp-content\/uploads\/2020\/09\/PM-095-264x300.jpg\" alt=\"\" width=\"264\" height=\"300\" \/><\/a><\/p>\n<pre><em>Algunes de les imatges in\u00e8dites que es podran veure \na l'exposici\u00f3\u00a0'Pasqual Maragall mira, 10 anys despr\u00e9s'<\/em><\/pre>\n","protected":false},"excerpt":{"rendered":"<p>L&#8217;Espai Isern Dalmau de la Fundaci\u00f3 Llu\u00eds Coromina acull l&#8217;exposici\u00f3 Pasqual Maragall mira, 10 anys despr\u00e9s, una mostra que recull &#8230;<\/p>\n","protected":false},"author":2,"featured_media":4728,"comment_status":"open","ping_status":"open","sticky":false,"template":"","format":"standard","meta":{"footnotes":""},"categories":[14,15,10,228,12],"tags":[],"class_list":["post-4727","post","type-post","status-publish","format-standard","has-post-thumbnail","hentry","category-accions-culturals","category-accions-socials","category-activitats","category-exposicions-espai-isern-dalmau","category-publicacions"],"_links":{"self":[{"href":"http:\/\/fundaciolluiscoromina.org\/index.php\/wp-json\/wp\/v2\/posts\/4727","targetHints":{"allow":["GET"]}}],"collection":[{"href":"http:\/\/fundaciolluiscoromina.org\/index.php\/wp-json\/wp\/v2\/posts"}],"about":[{"href":"http:\/\/fundaciolluiscoromina.org\/index.php\/wp-json\/wp\/v2\/types\/post"}],"author":[{"embeddable":true,"href":"http:\/\/fundaciolluiscoromina.org\/index.php\/wp-json\/wp\/v2\/users\/2"}],"replies":[{"embeddable":true,"href":"http:\/\/fundaciolluiscoromina.org\/index.php\/wp-json\/wp\/v2\/comments?post=4727"}],"version-history":[{"count":0,"href":"http:\/\/fundaciolluiscoromina.org\/index.php\/wp-json\/wp\/v2\/posts\/4727\/revisions"}],"wp:attachment":[{"href":"http:\/\/fundaciolluiscoromina.org\/index.php\/wp-json\/wp\/v2\/media?parent=4727"}],"wp:term":[{"taxonomy":"category","embeddable":true,"href":"http:\/\/fundaciolluiscoromina.org\/index.php\/wp-json\/wp\/v2\/categories?post=4727"},{"taxonomy":"post_tag","embeddable":true,"href":"http:\/\/fundaciolluiscoromina.org\/index.php\/wp-json\/wp\/v2\/tags?post=4727"}],"curies":[{"name":"wp","href":"https:\/\/api.w.org\/{rel}","templated":true}]}}