{"id":4743,"date":"2020-09-11T16:15:04","date_gmt":"2020-09-11T14:15:04","guid":{"rendered":"http:\/\/www.fundaciolluiscoromina.org\/?p=4743"},"modified":"2020-09-11T16:15:04","modified_gmt":"2020-09-11T14:15:04","slug":"la-fundacio-regala-40-exemplars-del-llibre-carles-fontsere-en-clau-de-conte-amb-motiu-de-la-diada","status":"publish","type":"post","link":"http:\/\/fundaciolluiscoromina.org\/index.php\/2020\/09\/11\/la-fundacio-regala-40-exemplars-del-llibre-carles-fontsere-en-clau-de-conte-amb-motiu-de-la-diada\/","title":{"rendered":"La Fundaci\u00f3 regala 40 exemplars del llibre &#8216;Carles Fontser\u00e8&#8230; en clau de conte&#8217; amb motiu de la Diada"},"content":{"rendered":"<p>Amb motiu de la Diada Nacional de Catalunya, des de la Fundaci\u00f3 s&#8217;han regalat 40 exemplars del llibre <em>Carles Fontser\u00e8&#8230; en clau de conte. <\/em>El conte explica la hist\u00f2ria i els viatges del reconegut dibuixant i cartellista catal\u00e0 Carles Fontser\u00e8, qui durant la seva vida va estar estretament vinculat a la hist\u00f2ria socio-pol\u00edtica de Catalunya. Escrit per Sessi Sitj\u00e0 i acompanyat de les il\u00b7lustracions d&#8217;Emma Reixach, la publicaci\u00f3 ha estat editada per l&#8217;Ajuntament de Porqueres.<\/p>\n<p>El divendres 11 de setembre al mat\u00ed, diverses fam\u00edlies han fet parada a l&#8217;Espai Eat Art per recollir un llibre \u00fanic i d&#8217;edici\u00f3 limitada. Els nens i nenes que s&#8217;han emportat un dels exemplars podran gaudir de les aventures per Am\u00e8rica i altres indrets del dibuixant i fot\u00f2graf catal\u00e0, la Terry i la seva amiga la rateta, que des de que va tornar dels viatges viu a la biblioteca de Porqueres.<\/p>\n<p><a href=\"http:\/\/www.fundaciolluiscoromina.org\/wp-content\/uploads\/2020\/09\/PAU_3779.jpg\"><img loading=\"lazy\" decoding=\"async\" class=\"alignnone size-medium wp-image-4745\" src=\"http:\/\/www.fundaciolluiscoromina.org\/wp-content\/uploads\/2020\/09\/PAU_3779-300x200.jpg\" alt=\"\" width=\"300\" height=\"200\" \/><\/a> <a href=\"http:\/\/www.fundaciolluiscoromina.org\/wp-content\/uploads\/2020\/09\/PAU_3805.jpg\"><img loading=\"lazy\" decoding=\"async\" class=\"alignnone size-medium wp-image-4746\" src=\"http:\/\/www.fundaciolluiscoromina.org\/wp-content\/uploads\/2020\/09\/PAU_3805-300x200.jpg\" alt=\"\" width=\"300\" height=\"200\" \/><\/a> <a href=\"http:\/\/www.fundaciolluiscoromina.org\/wp-content\/uploads\/2020\/09\/PAU_3832.jpg\"><img loading=\"lazy\" decoding=\"async\" class=\"alignnone size-medium wp-image-4747\" src=\"http:\/\/www.fundaciolluiscoromina.org\/wp-content\/uploads\/2020\/09\/PAU_3832-300x200.jpg\" alt=\"\" width=\"300\" height=\"200\" \/><\/a> <a href=\"http:\/\/www.fundaciolluiscoromina.org\/wp-content\/uploads\/2020\/09\/PAU_3841.jpg\"><img loading=\"lazy\" decoding=\"async\" class=\"alignnone size-medium wp-image-4748\" src=\"http:\/\/www.fundaciolluiscoromina.org\/wp-content\/uploads\/2020\/09\/PAU_3841-300x200.jpg\" alt=\"\" width=\"300\" height=\"200\" \/><\/a><\/p>\n<pre>Imatges de Pau L\u00f3pez<\/pre>\n","protected":false},"excerpt":{"rendered":"<p>Amb motiu de la Diada Nacional de Catalunya, des de la Fundaci\u00f3 s&#8217;han regalat 40 exemplars del llibre Carles Fontser\u00e8&#8230; &#8230;<\/p>\n","protected":false},"author":2,"featured_media":4744,"comment_status":"open","ping_status":"open","sticky":false,"template":"","format":"standard","meta":{"footnotes":""},"categories":[14,15,11,9,12],"tags":[],"class_list":["post-4743","post","type-post","status-publish","format-standard","has-post-thumbnail","hentry","category-accions-culturals","category-accions-socials","category-educacio-2","category-historic","category-publicacions"],"_links":{"self":[{"href":"http:\/\/fundaciolluiscoromina.org\/index.php\/wp-json\/wp\/v2\/posts\/4743","targetHints":{"allow":["GET"]}}],"collection":[{"href":"http:\/\/fundaciolluiscoromina.org\/index.php\/wp-json\/wp\/v2\/posts"}],"about":[{"href":"http:\/\/fundaciolluiscoromina.org\/index.php\/wp-json\/wp\/v2\/types\/post"}],"author":[{"embeddable":true,"href":"http:\/\/fundaciolluiscoromina.org\/index.php\/wp-json\/wp\/v2\/users\/2"}],"replies":[{"embeddable":true,"href":"http:\/\/fundaciolluiscoromina.org\/index.php\/wp-json\/wp\/v2\/comments?post=4743"}],"version-history":[{"count":0,"href":"http:\/\/fundaciolluiscoromina.org\/index.php\/wp-json\/wp\/v2\/posts\/4743\/revisions"}],"wp:attachment":[{"href":"http:\/\/fundaciolluiscoromina.org\/index.php\/wp-json\/wp\/v2\/media?parent=4743"}],"wp:term":[{"taxonomy":"category","embeddable":true,"href":"http:\/\/fundaciolluiscoromina.org\/index.php\/wp-json\/wp\/v2\/categories?post=4743"},{"taxonomy":"post_tag","embeddable":true,"href":"http:\/\/fundaciolluiscoromina.org\/index.php\/wp-json\/wp\/v2\/tags?post=4743"}],"curies":[{"name":"wp","href":"https:\/\/api.w.org\/{rel}","templated":true}]}}