{"id":4759,"date":"2020-09-22T10:38:38","date_gmt":"2020-09-22T08:38:38","guid":{"rendered":"http:\/\/www.fundaciolluiscoromina.org\/?p=4759"},"modified":"2020-09-22T10:38:38","modified_gmt":"2020-09-22T08:38:38","slug":"lespai-eat-art-acull-les-classes-de-sensibilitzacio-musical-de-lemmb","status":"publish","type":"post","link":"http:\/\/fundaciolluiscoromina.org\/index.php\/2020\/09\/22\/lespai-eat-art-acull-les-classes-de-sensibilitzacio-musical-de-lemmb\/","title":{"rendered":"L&#8217;Espai Eat Art acull les classes de sensibilitzaci\u00f3 musical de l&#8217;EMMB"},"content":{"rendered":"<p>La Fundaci\u00f3 Llu\u00eds Coromina ha cedit l\u2019Espai Eat Art a l\u2019Ajuntament de Banyoles per dur-hi a terme les <strong>classes<\/strong> <strong>de sensibilitzaci\u00f3 musical de l\u2019Escola Municipal de M\u00fasica de Banyoles<\/strong> <strong>(EMMB)<\/strong>, que tindran lloc del 21 de setembre al 17 de desembre de 2020. L\u2019EMMB ha hagut d\u2019habilitar espais alternatius a l\u2019Ateneu per tal d\u2019adaptar la seva oferta formativa a les mesures de prevenci\u00f3 i seguretat pel Covid-19. L\u2019Espai Eat Art, situat a la pla\u00e7a major de Banyoles, \u00e9s un lloc idoni per la proximitat a l\u2019escola de m\u00fasica, aix\u00ed com per la dimensi\u00f3 i al ventilaci\u00f3 de l\u2019espai.<\/p>\n<p>Els cursos de sensibilitzaci\u00f3 musical de l\u2019EMMB es realitzaran de dilluns a dijous a la tarda, i comptaran amb la participaci\u00f3 de 30 nens i nenes d\u2019entre 3 i 5 anys. L&#8217;activitat formativa est\u00e0 impartida per la professora de m\u00fasica Montse Ja\u00e9n i es basen en un ensenyament musical l\u00fadic i did\u00e0ctic, amb diverses propostes com el moviment, l\u2019educaci\u00f3 de l\u2019o\u00efda, el treball amb can\u00e7ons, les audicions musicals, la improvisaci\u00f3 i la creaci\u00f3 musical, entre d\u2019altres.<\/p>\n<p><a href=\"http:\/\/www.fundaciolluiscoromina.org\/wp-content\/uploads\/2020\/09\/Foto-OK-1.jpeg\"><img loading=\"lazy\" decoding=\"async\" class=\"alignnone size-medium wp-image-4766\" src=\"http:\/\/www.fundaciolluiscoromina.org\/wp-content\/uploads\/2020\/09\/Foto-OK-1-300x164.jpeg\" alt=\"\" width=\"300\" height=\"164\" \/><\/a><\/p>\n<p><a href=\"http:\/\/www.fundaciolluiscoromina.org\/wp-content\/uploads\/2020\/09\/Foto-OK-2.jpeg\"><img loading=\"lazy\" decoding=\"async\" class=\"alignnone size-medium wp-image-4767\" src=\"http:\/\/www.fundaciolluiscoromina.org\/wp-content\/uploads\/2020\/09\/Foto-OK-2-300x175.jpeg\" alt=\"\" width=\"300\" height=\"175\" \/><\/a><\/p>\n<p><a href=\"http:\/\/www.fundaciolluiscoromina.org\/wp-content\/uploads\/2020\/09\/Foto-OK-3.jpeg\"><img loading=\"lazy\" decoding=\"async\" class=\"alignnone size-medium wp-image-4768\" src=\"http:\/\/www.fundaciolluiscoromina.org\/wp-content\/uploads\/2020\/09\/Foto-OK-3-264x300.jpeg\" alt=\"\" width=\"264\" height=\"300\" \/><\/a><\/p>\n<p><em>\u00a9 Imatges de l&#8217;Escola Municipal de M\u00fasica de Banyoles (EMMB)<\/em><\/p>\n","protected":false},"excerpt":{"rendered":"<p>La Fundaci\u00f3 Llu\u00eds Coromina ha cedit l\u2019Espai Eat Art a l\u2019Ajuntament de Banyoles per dur-hi a terme les classes de &#8230;<\/p>\n","protected":false},"author":2,"featured_media":4760,"comment_status":"open","ping_status":"open","sticky":false,"template":"","format":"standard","meta":{"footnotes":""},"categories":[14,15,10,11,17,9,12],"tags":[],"class_list":["post-4759","post","type-post","status-publish","format-standard","has-post-thumbnail","hentry","category-accions-culturals","category-accions-socials","category-activitats","category-educacio-2","category-exposicions-espai-eat-art","category-historic","category-publicacions"],"_links":{"self":[{"href":"http:\/\/fundaciolluiscoromina.org\/index.php\/wp-json\/wp\/v2\/posts\/4759","targetHints":{"allow":["GET"]}}],"collection":[{"href":"http:\/\/fundaciolluiscoromina.org\/index.php\/wp-json\/wp\/v2\/posts"}],"about":[{"href":"http:\/\/fundaciolluiscoromina.org\/index.php\/wp-json\/wp\/v2\/types\/post"}],"author":[{"embeddable":true,"href":"http:\/\/fundaciolluiscoromina.org\/index.php\/wp-json\/wp\/v2\/users\/2"}],"replies":[{"embeddable":true,"href":"http:\/\/fundaciolluiscoromina.org\/index.php\/wp-json\/wp\/v2\/comments?post=4759"}],"version-history":[{"count":0,"href":"http:\/\/fundaciolluiscoromina.org\/index.php\/wp-json\/wp\/v2\/posts\/4759\/revisions"}],"wp:attachment":[{"href":"http:\/\/fundaciolluiscoromina.org\/index.php\/wp-json\/wp\/v2\/media?parent=4759"}],"wp:term":[{"taxonomy":"category","embeddable":true,"href":"http:\/\/fundaciolluiscoromina.org\/index.php\/wp-json\/wp\/v2\/categories?post=4759"},{"taxonomy":"post_tag","embeddable":true,"href":"http:\/\/fundaciolluiscoromina.org\/index.php\/wp-json\/wp\/v2\/tags?post=4759"}],"curies":[{"name":"wp","href":"https:\/\/api.w.org\/{rel}","templated":true}]}}