{"id":4772,"date":"2020-09-23T11:30:51","date_gmt":"2020-09-23T09:30:51","guid":{"rendered":"http:\/\/www.fundaciolluiscoromina.org\/?p=4772"},"modified":"2020-09-23T11:30:51","modified_gmt":"2020-09-23T09:30:51","slug":"presentacio-del-llibre-adeu-a-tot-aixo-de-robert-graves-a-lespai-eat-art","status":"publish","type":"post","link":"http:\/\/fundaciolluiscoromina.org\/index.php\/2020\/09\/23\/presentacio-del-llibre-adeu-a-tot-aixo-de-robert-graves-a-lespai-eat-art\/","title":{"rendered":"Presentaci\u00f3 del llibre &#8216;Adeu a tot aix\u00f2&#8217; de Robert Graves a l&#8217;Espai Eat Art"},"content":{"rendered":"<p>El pr\u00f2xim divendres 25 de setembre es presenta el llibre\u00a0<em>Adeu a tot aix\u00f2,<\/em>\u00a0de l&#8217;autor angl\u00e8s Robert Graves, a l&#8217;Espai Eat Art de la Fundaci\u00f3 Llu\u00eds Coromina (18 h). Organitzada per la\u00a0llibreria L&#8217;Altell de Banyoles, la presentaci\u00f3 comptar\u00e0 amb la pres\u00e8ncia del traductor David Guixeras Olivet, qui parlar\u00e0 d&#8217;aquest llibre que s&#8217;ha convertit en un\u00a0cl\u00e0ssic del g\u00e8nere autobiogr\u00e0fic de la literatura mundial.\u00a0<i>Adeu a tot aix\u00f2 <\/i>\u00e9s una cr\u00f2nica liter\u00e0ria de la Primera Guerra Mundial, escrita per Graves despr\u00e9s de la seva llarga i intensa experi\u00e8ncia a les trinxeres, que ofereix\u00a0un retrat de l\u2019\u00e0nima humana a trav\u00e9s de diferents dosis d&#8217;ironia i irrever\u00e8ncia. L&#8217;aforament de l&#8217;activitat \u00e9s limitat i per reservar pla\u00e7a cal trucar al 972 58 02 70 o enviar un correu electr\u00f2nic a <a href=\"mailto:laltell@laltell.cat\">laltell@laltell.cat<\/a>.<\/p>\n","protected":false},"excerpt":{"rendered":"<p>El pr\u00f2xim divendres 25 de setembre es presenta el llibre\u00a0Adeu a tot aix\u00f2,\u00a0de l&#8217;autor angl\u00e8s Robert Graves, a l&#8217;Espai Eat &#8230;<\/p>\n","protected":false},"author":2,"featured_media":4773,"comment_status":"open","ping_status":"open","sticky":false,"template":"","format":"standard","meta":{"footnotes":""},"categories":[14,10,17,12],"tags":[],"class_list":["post-4772","post","type-post","status-publish","format-standard","has-post-thumbnail","hentry","category-accions-culturals","category-activitats","category-exposicions-espai-eat-art","category-publicacions"],"_links":{"self":[{"href":"http:\/\/fundaciolluiscoromina.org\/index.php\/wp-json\/wp\/v2\/posts\/4772","targetHints":{"allow":["GET"]}}],"collection":[{"href":"http:\/\/fundaciolluiscoromina.org\/index.php\/wp-json\/wp\/v2\/posts"}],"about":[{"href":"http:\/\/fundaciolluiscoromina.org\/index.php\/wp-json\/wp\/v2\/types\/post"}],"author":[{"embeddable":true,"href":"http:\/\/fundaciolluiscoromina.org\/index.php\/wp-json\/wp\/v2\/users\/2"}],"replies":[{"embeddable":true,"href":"http:\/\/fundaciolluiscoromina.org\/index.php\/wp-json\/wp\/v2\/comments?post=4772"}],"version-history":[{"count":0,"href":"http:\/\/fundaciolluiscoromina.org\/index.php\/wp-json\/wp\/v2\/posts\/4772\/revisions"}],"wp:attachment":[{"href":"http:\/\/fundaciolluiscoromina.org\/index.php\/wp-json\/wp\/v2\/media?parent=4772"}],"wp:term":[{"taxonomy":"category","embeddable":true,"href":"http:\/\/fundaciolluiscoromina.org\/index.php\/wp-json\/wp\/v2\/categories?post=4772"},{"taxonomy":"post_tag","embeddable":true,"href":"http:\/\/fundaciolluiscoromina.org\/index.php\/wp-json\/wp\/v2\/tags?post=4772"}],"curies":[{"name":"wp","href":"https:\/\/api.w.org\/{rel}","templated":true}]}}