{"id":4789,"date":"2020-10-02T13:47:52","date_gmt":"2020-10-02T11:47:52","guid":{"rendered":"http:\/\/www.fundaciolluiscoromina.org\/?p=4789"},"modified":"2020-10-02T13:47:52","modified_gmt":"2020-10-02T11:47:52","slug":"franc-aleu-sincorpora-al-coworking-del-puntal","status":"publish","type":"post","link":"http:\/\/fundaciolluiscoromina.org\/index.php\/2020\/10\/02\/franc-aleu-sincorpora-al-coworking-del-puntal\/","title":{"rendered":"El v\u00eddeo-artista Franc Aleu s\u2019incorpora al &#8216;coworking&#8217; del Puntal"},"content":{"rendered":"<p>La Fundaci\u00f3 Llu\u00eds Coromina ha habilitat un nou espai al<em> coworking<\/em> del Puntal-Laboratori de les Arts per acollir al v\u00eddeo-artista Franc Aleu. Nascut a Barcelona i resident a Sant Mart\u00ed Vell (Giron\u00e8s), des de l\u2019any 1990 la seva activitat professional s\u2019ha centrat principalment en l&#8217;\u00e0mbit de el v\u00eddeo i l\u2019audiovisual.<\/p>\n<p>Guardonat amb el Premi Nacional de Cultura 2012 en la categoria d\u2019audiovisuals per l&#8217;impacte de les seves creacions visuals, Aleu ha estat el director d&#8217;escena i videocreador de l&#8217;obra <em>Turandor<\/em> de Giacomo Puccini, a la temporada 2019-2020 del Gran Teatre del Liceu de Barcelona, i ha format part de la celebraci\u00f3 del 20\u00e8 aniversari de la reconstrucci\u00f3 d\u2019aquest emblem\u00e0tic edifici. Ha estat l\u2019autor de la nova versi\u00f3 esc\u00e8nica d&#8217;<em>El Martiri de Sant Sebasti\u00e0 <\/em>de Claude Debussy, projecte en el que ha treballat amb el dramaturg Manuel Huerga. Entre les seves v\u00eddeo-creacions destaquen els treballs realitzats per les \u00f2peres <em>Faust 3.0<\/em> i La <em>condemnaci\u00f3 de Faust <\/em>d\u2019Hector Berlioz, amb\u00f3s muntatges realitzats per La Fura dels Baus. Ha codirigit amb Manuel Huerga el film <em>Fills de l&#8217;aigua<\/em>, amb el qual ha guanyat nombrosos premis internacionals. Aix\u00ed mateix, ha realitzat nombrosos treballs en l&#8217;\u00e0mbit de l&#8217;\u00f2pera a nivell internacional, aix\u00ed com obres videogr\u00e0fiques dedicades a rellevants artistes com Richard Wagner o \u00a0Karl Heinz Stockhausen.<\/p>\n<p>L\u2019artista \u00a0ha captivat als espectadors d\u2019obres de teatre, dansa i \u00f2pera estrenades en alguns dels teatres i \u00f2peres m\u00e9s importants de tot el m\u00f3n, com el Gran Teatre de Liceu de Barcelona, la Scala de Mil\u00e0, La Monnaie de Brussel\u00b7les, el Teatre Col\u00f3n de Buenos Aires, el Maggio de Flor\u00e8ncia o la Wiener Taschenoper de Viena, entre d&#8217;altres. Gr\u00e0cies a la seva videografia esc\u00e8nica i els seus efectes visuals, els seus projectes han convertit nombroses vegades l&#8217;experi\u00e8ncia esc\u00e8nica en un espai emocional singular i \u00fanic. Tot aquest recorregut i experi\u00e8ncia li han perm\u00e8s treballar al costat dels m\u00e9s prestigiosos directors d&#8217;orquestra a nivell internacional, com \u00a0Zubin Mehta, Valery Georgiev, Lorin Maazel o Kirill Petrenko.<\/p>\n<p>El seu eclecticisme fa que la seva obra abasti altres disciplines creatives. Ha dut a terme diverses projeccions audiovisuals sobre fa\u00e7anes d&#8217;edificis emblem\u00e0tics, com l&#8217;Ajuntament de Barcelona o el Parlament de Catalunya, entre d\u2019altres, i tamb\u00e9 ha treballat en el m\u00f3n de la publicitat, el disseny o la conceptualitzaci\u00f3 i direcci\u00f3 d&#8217;esdeveniments de tota mena. Tamb\u00e9 ha participat en projectes de disseny arquitect\u00f2nic, com per exemple a l&#8217;Exposici\u00f3 Internacional de Saragossa 2008, on va dissenyar i va conceptualitzar i dirigir tots els continguts expositius d&#8217;aquest pavell\u00f3.<\/p>\n<p>Franc Aleu ha treballat amb els germans Roca del Celler de Can Roca en el projecte <em>El Somni<\/em>, una creaci\u00f3 transmedi\u00e0tica que uneix cuina i art i que ha estat el resultat de la uni\u00f3 de l\u2019experi\u00e8ncia d\u2019un sopar mai viscut la realitzaci\u00f3 d\u2019una pel\u00b7l\u00edcula, la concepci\u00f3 de dues exposicions i l\u2019edici\u00f3 d\u2019un llibre.<\/p>\n<p>A part de la seva vessant art\u00edstica, l\u2019artista audiovisual tamb\u00e9 imparteix classes magistrals i pon\u00e8ncies sobre la seva obra i els seus treballs en els principals centres culturals europeus de Mil\u00e0, Col\u00f2nia, Madrid o Barcelona, entre d\u2019altres.<\/p>\n<p><a href=\"http:\/\/www.fundaciolluiscoromina.org\/wp-content\/uploads\/2020\/10\/Collage-web.jpg\"><img loading=\"lazy\" decoding=\"async\" class=\"alignnone size-large wp-image-4799\" src=\"http:\/\/www.fundaciolluiscoromina.org\/wp-content\/uploads\/2020\/10\/Collage-web-1024x683.jpg\" alt=\"\" width=\"1024\" height=\"683\" \/><\/a><\/p>\n","protected":false},"excerpt":{"rendered":"<p>La Fundaci\u00f3 Llu\u00eds Coromina ha habilitat un nou espai al coworking del Puntal-Laboratori de les Arts per acollir al v\u00eddeo-artista &#8230;<\/p>\n","protected":false},"author":2,"featured_media":4790,"comment_status":"open","ping_status":"open","sticky":false,"template":"","format":"standard","meta":{"footnotes":""},"categories":[9,12],"tags":[],"class_list":["post-4789","post","type-post","status-publish","format-standard","has-post-thumbnail","hentry","category-historic","category-publicacions"],"_links":{"self":[{"href":"http:\/\/fundaciolluiscoromina.org\/index.php\/wp-json\/wp\/v2\/posts\/4789","targetHints":{"allow":["GET"]}}],"collection":[{"href":"http:\/\/fundaciolluiscoromina.org\/index.php\/wp-json\/wp\/v2\/posts"}],"about":[{"href":"http:\/\/fundaciolluiscoromina.org\/index.php\/wp-json\/wp\/v2\/types\/post"}],"author":[{"embeddable":true,"href":"http:\/\/fundaciolluiscoromina.org\/index.php\/wp-json\/wp\/v2\/users\/2"}],"replies":[{"embeddable":true,"href":"http:\/\/fundaciolluiscoromina.org\/index.php\/wp-json\/wp\/v2\/comments?post=4789"}],"version-history":[{"count":0,"href":"http:\/\/fundaciolluiscoromina.org\/index.php\/wp-json\/wp\/v2\/posts\/4789\/revisions"}],"wp:attachment":[{"href":"http:\/\/fundaciolluiscoromina.org\/index.php\/wp-json\/wp\/v2\/media?parent=4789"}],"wp:term":[{"taxonomy":"category","embeddable":true,"href":"http:\/\/fundaciolluiscoromina.org\/index.php\/wp-json\/wp\/v2\/categories?post=4789"},{"taxonomy":"post_tag","embeddable":true,"href":"http:\/\/fundaciolluiscoromina.org\/index.php\/wp-json\/wp\/v2\/tags?post=4789"}],"curies":[{"name":"wp","href":"https:\/\/api.w.org\/{rel}","templated":true}]}}