{"id":4801,"date":"2020-10-05T10:37:32","date_gmt":"2020-10-05T08:37:32","guid":{"rendered":"http:\/\/www.fundaciolluiscoromina.org\/?p=4801"},"modified":"2020-10-05T10:37:32","modified_gmt":"2020-10-05T08:37:32","slug":"la-llibreria-laltell-organitza-diverses-activitats-a-lespai-eat-art","status":"publish","type":"post","link":"http:\/\/fundaciolluiscoromina.org\/index.php\/2020\/10\/05\/la-llibreria-laltell-organitza-diverses-activitats-a-lespai-eat-art\/","title":{"rendered":"La llibreria L&#8217;Altell organitza diverses activitats a l&#8217;Espai Eat Art"},"content":{"rendered":"<p>Durant la primera quinzena d&#8217;octubre, l&#8217;Espai Eat Art acull algunes de les activitats organitzades per la llibreia L&#8217;Altell de Banyoles: club de lectura per a adults, per a infants i dues sessions de <em>En viu i en directe po\u00e8tic.<\/em><\/p>\n<p>&nbsp;<\/p>\n<p><strong>Dimecres 7 d&#8217;octubre (21:15 h)\u00a0<\/strong><\/p>\n<p>Club de lectura adult amb <em>La gran fortuna<\/em>, d&#8217;Olivia Manning<\/p>\n<p><span style=\"color: #000000;\"><strong>Aforament complet<\/strong><\/span><\/p>\n<div>El primer club de lectura de l&#8217;octubre es basa en un viatge Romania. Aquesta novel\u00b7la forma part de la Trilogia Balc\u00e0nica que ha passat a la hist\u00f2ria de la literatura anglesa del segle XX. Manning capta amb una habilitat extraordin\u00e0ria els estira i arronsa d&#8217;un matrimoni, aix\u00ed com el complex desenvolupament d&#8217;una guerra tal i com es respira al carrer. Est\u00e0 considerada una de les millors novel\u00b7les brit\u00e0niques sobre la segona Guerra Mundial.<\/div>\n<div>\u00a0<a href=\"http:\/\/www.fundaciolluiscoromina.org\/wp-content\/uploads\/2020\/10\/7oct.jpg\"><img loading=\"lazy\" decoding=\"async\" class=\"size-medium wp-image-4803 alignnone\" src=\"http:\/\/www.fundaciolluiscoromina.org\/wp-content\/uploads\/2020\/10\/7oct-195x300.jpg\" alt=\"\" width=\"195\" height=\"300\" \/><\/a><\/div>\n<div><\/div>\n<div>\n<hr \/>\n<div><\/div>\n<p><strong>Dijous 8 d&#8217;octubre\u00a0(21:1<\/strong><strong>5 h)\u00a0<\/strong><\/p>\n<p>En viu i en directe po\u00e8tic amb <em>L&#8217;estiuejant<\/em> de J. M. Fonolleras<\/p>\n<p>Aforament limitat; inscripci\u00f3 p\u00e8via al tel\u00e8fon 972 580 270 o a laltell@laltell.cat<\/p>\n<div>J. M. Fonalleras publica per primera vegada un poemari fruit del treball de dos anys, entre primavera del 2018 i la del 2020. Un recull de poemes que descriuen escenaris i que dibuixen paisatges, un conjunt de postal escrites tot mirant la platja. L&#8217;activitat comptar\u00e0 amb la pres\u00e8ncia de l&#8217;autor i de l&#8217;escriptor i poeta banyol\u00ed J. N. Santaeul\u00e0lia, que realitzaran un petit tast de poesia.<\/div>\n<\/div>\n<p><img loading=\"lazy\" decoding=\"async\" class=\"size-medium wp-image-4802 alignnone\" src=\"http:\/\/www.fundaciolluiscoromina.org\/wp-content\/uploads\/2020\/10\/8oct-201x300.jpg\" alt=\"\" width=\"201\" height=\"300\" \/><\/p>\n<hr \/>\n<p><strong>Dissabte 10 d&#8217;octubre (10:30 h)\u00a0<\/strong><\/p>\n<div>\n<p>Cub de lectura infantil amb <em>Jo et curar\u00e9, va dir el petit \u00f3s<\/em> de Janosch<\/p>\n<p><span style=\"color: #000000;\"><strong>Aforament complet<\/strong><\/span><\/p>\n<div>\n<div>Quan el petit Tigre es va posar malalt, el petit \u00f3s es va encarregar de cuidar-lo i amb la resta d&#8217;animals del bosc, el van acompanyar cap a l&#8217;hospital d&#8217;animals. La veritable amistat, especialment en els moments dif\u00edcils, \u00e9s la base d&#8217;aquest relat entranyable i de riure f\u00e0cil.\u00a0Amb aquesta activitat s&#8217;inicia la segona edici\u00f3 d&#8217;aquest club de lectura per als m\u00e9s petits de la casa. Lectura compartida amb la fam\u00edlia en la que els nens participants expliquen les experi\u00e8ncies viscudes amb el llibre de Janosch.<\/div>\n<\/div>\n<\/div>\n<p><a href=\"http:\/\/www.fundaciolluiscoromina.org\/wp-content\/uploads\/2020\/10\/10oict.jpg\"><img loading=\"lazy\" decoding=\"async\" class=\"size-medium wp-image-4804 alignnone\" src=\"http:\/\/www.fundaciolluiscoromina.org\/wp-content\/uploads\/2020\/10\/10oict-210x300.jpg\" alt=\"\" width=\"210\" height=\"300\" \/><\/a><\/p>\n<hr \/>\n<div>\n<div>\n<p><span style=\"color: #ff0000;\"><strong>Activitat cancel\u00b7lada<\/strong><\/span><\/p>\n<p><strong>Dijous\u00a0<\/strong><strong>15 d&#8217;octubre (19:30 h)\u00a0<\/strong><\/p>\n<p>En viu i en directe po\u00e8tic amb <i>El rai dels innocents<\/i>\u00a0de Quim Espa\u00f1ol<\/p>\n<p>Aforament limitat; inscripci\u00f3 p\u00e8via al tel\u00e8fon 972 580 270 o a laltell@laltell.cat<\/p>\n<div>En David, el noi innocent protagonista d\u2019aquesta novel\u00b7la, viu en els marges d\u2019una ciutat, un ambient inclement i desgavellat contra el qual intenta posar remei l\u2019escola del barri on estudia i on conviuen adolescents de diferents or\u00edgens, amb la seva fragilitat i \u00abaquell exc\u00e9s de forces vitals que els porta al caire de la cat\u00e0strofe\u00bb. Els paranys i les adversitats del lloc amenacen el noi c\u00e0ndid, i la pregunta que el lector es fa \u00e9s, justament, si l\u2019home modest pot sobreviure en una societat despietada. Amb un llenguatge ric i prec\u00eds, l\u2019autor dibuixa amb vigor la singular manera de ser de l\u2019innocent, i la de la constel\u00b7laci\u00f3 de personatges que s\u2019hi relacionen. El ritme de la novel\u00b7la flueix puntejat pels contratemps que es viuen a l\u2019escola i al barri, i s\u2019accelera cap a un desenlla\u00e7 desconcertant.<\/div>\n<div><\/div>\n<div>\u00a0<img loading=\"lazy\" decoding=\"async\" class=\"size-medium wp-image-4805 alignnone\" src=\"http:\/\/www.fundaciolluiscoromina.org\/wp-content\/uploads\/2020\/10\/15-oct-199x300.jpg\" alt=\"\" width=\"199\" height=\"300\" \/><\/div>\n<div><\/div>\n<div><\/div>\n<\/div>\n<\/div>\n","protected":false},"excerpt":{"rendered":"<p>Durant la primera quinzena d&#8217;octubre, l&#8217;Espai Eat Art acull algunes de les activitats organitzades per la llibreia L&#8217;Altell de Banyoles: &#8230;<\/p>\n","protected":false},"author":2,"featured_media":4820,"comment_status":"open","ping_status":"open","sticky":false,"template":"","format":"standard","meta":{"footnotes":""},"categories":[14,15,10,11,17,9,12],"tags":[],"class_list":["post-4801","post","type-post","status-publish","format-standard","has-post-thumbnail","hentry","category-accions-culturals","category-accions-socials","category-activitats","category-educacio-2","category-exposicions-espai-eat-art","category-historic","category-publicacions"],"_links":{"self":[{"href":"http:\/\/fundaciolluiscoromina.org\/index.php\/wp-json\/wp\/v2\/posts\/4801","targetHints":{"allow":["GET"]}}],"collection":[{"href":"http:\/\/fundaciolluiscoromina.org\/index.php\/wp-json\/wp\/v2\/posts"}],"about":[{"href":"http:\/\/fundaciolluiscoromina.org\/index.php\/wp-json\/wp\/v2\/types\/post"}],"author":[{"embeddable":true,"href":"http:\/\/fundaciolluiscoromina.org\/index.php\/wp-json\/wp\/v2\/users\/2"}],"replies":[{"embeddable":true,"href":"http:\/\/fundaciolluiscoromina.org\/index.php\/wp-json\/wp\/v2\/comments?post=4801"}],"version-history":[{"count":0,"href":"http:\/\/fundaciolluiscoromina.org\/index.php\/wp-json\/wp\/v2\/posts\/4801\/revisions"}],"wp:attachment":[{"href":"http:\/\/fundaciolluiscoromina.org\/index.php\/wp-json\/wp\/v2\/media?parent=4801"}],"wp:term":[{"taxonomy":"category","embeddable":true,"href":"http:\/\/fundaciolluiscoromina.org\/index.php\/wp-json\/wp\/v2\/categories?post=4801"},{"taxonomy":"post_tag","embeddable":true,"href":"http:\/\/fundaciolluiscoromina.org\/index.php\/wp-json\/wp\/v2\/tags?post=4801"}],"curies":[{"name":"wp","href":"https:\/\/api.w.org\/{rel}","templated":true}]}}