{"id":4822,"date":"2020-10-08T12:07:19","date_gmt":"2020-10-08T10:07:19","guid":{"rendered":"http:\/\/www.fundaciolluiscoromina.org\/?p=4822"},"modified":"2020-10-08T12:07:19","modified_gmt":"2020-10-08T10:07:19","slug":"la-fundacio-lluis-coromina-dins-el-programa-dadquisicions-de-la-fira-swab","status":"publish","type":"post","link":"http:\/\/fundaciolluiscoromina.org\/index.php\/2020\/10\/08\/la-fundacio-lluis-coromina-dins-el-programa-dadquisicions-de-la-fira-swab\/","title":{"rendered":"La Fundaci\u00f3 Llu\u00eds Coromina, dins el programa d&#8217;adquisicions de la fira d&#8217;art contemporani SWAB"},"content":{"rendered":"<p>La fira d&#8217;art contemporani de Barcelona <strong>SWAB presenta una nova edici\u00f3 de l&#8217;1 al 15 d&#8217;octubre de 2020 en format exclusivament virtual<\/strong>. La Fundaci\u00f3 Llu\u00eds Coromina forma part del programa d&#8217;adquisicions de la fira,\u00a0un dels punts cl\u00e0ssics de la mostra, que enguany tamb\u00e9 est\u00e0 format per la Fundaci\u00f3 Vila Casas, la Fundaci\u00f3 Carmen &amp; Llu\u00eds Bassat, la Col\u00b7lecci\u00f3 Civit, la Col\u00b7lecci\u00f3 Manuel Exp\u00f3sito i la Fundaci\u00f3 Sorigu\u00e9, incorporada aquest any.<\/p>\n<p>Per aquesta 13a edici\u00f3, la Fundaci\u00f3 Llu\u00eds Coromina recull diverses peces art\u00edstiques en el seu espai expositiu, entre les que es troben un quadre i l&#8217;explicaci\u00f3 del projecte <em>Art Especial, Art Outsider<\/em>,\u00a0 que\u00a0visibilitza la creativitat art\u00edstica de persones amb diversitat funcional; el projecte audiovisual <em>Cubalibre<\/em>, creat pel director banyol\u00ed Albert Serra, i el mapa conceptual de la Fundaci\u00f3 Llu\u00eds Coromina, creat per l&#8217;artista IEX Cosmonauta i acompanyat d&#8217;un text explicatiu de la hist\u00f2ria de la fundaci\u00f3.<\/p>\n<p class=\"has-text-align-justify\">SWAB \u00e9s un projecte independent que va n\u00e9ixer en 2006 com a plataforma d\u2019experimentaci\u00f3 de propostes art\u00edstiques emergents. Fundada per l\u2019arquitecte i col\u00b7leccionista Joaqu\u00edn Diez-Casc\u00f3n, la la fira \u00e9s un esdeveniment que congrega a unes 80 galeries del panorama internacional i funciona com a punt de trobada del sector cultural a escala global.\u00a0Amb 12 edicions a la seva esquena, la mantt la seva missi\u00f3 de donar projecci\u00f3 als espais i disciplines que estan tra\u00e7ant el curs de l\u2019escena de l\u2019art dels pr\u00f2xims anys, i presenta aquesta nova edici\u00f3 en un format exclusivament virtual que es pot visitar a trav\u00e9s de qualsevol ordinador mitjan\u00e7ant l&#8217;aplicaci\u00f3 creada especialment per a l&#8217;ocasi\u00f3. Podeu accedir a la fira en l\u00ednia<a href=\"https:\/\/swab.es\/ca\/descarregaaap\/\"><strong> descarregant-vos l&#8217;aplicaci\u00f3 en aquest enlla\u00e7<\/strong><\/a>.<\/p>\n<p><a href=\"http:\/\/www.fundaciolluiscoromina.org\/wp-content\/uploads\/2020\/10\/swab-outsider.jpeg\"><img loading=\"lazy\" decoding=\"async\" class=\"alignnone size-medium wp-image-4824\" src=\"http:\/\/www.fundaciolluiscoromina.org\/wp-content\/uploads\/2020\/10\/swab-outsider-218x300.jpeg\" alt=\"\" width=\"218\" height=\"300\" \/><\/a><\/p>\n<pre>Quadre del projecte<em> Art Especial, Art Outsider<\/em> que es pot trobar a l'espai expositiu \nde la Fundaci\u00f3 Llu\u00eds Coromina de la fira SWAB.<\/pre>\n","protected":false},"excerpt":{"rendered":"<p>La fira d&#8217;art contemporani de Barcelona SWAB presenta una nova edici\u00f3 de l&#8217;1 al 15 d&#8217;octubre de 2020 en format &#8230;<\/p>\n","protected":false},"author":2,"featured_media":4829,"comment_status":"open","ping_status":"open","sticky":false,"template":"","format":"standard","meta":{"footnotes":""},"categories":[10],"tags":[],"class_list":["post-4822","post","type-post","status-publish","format-standard","has-post-thumbnail","hentry","category-activitats"],"_links":{"self":[{"href":"http:\/\/fundaciolluiscoromina.org\/index.php\/wp-json\/wp\/v2\/posts\/4822","targetHints":{"allow":["GET"]}}],"collection":[{"href":"http:\/\/fundaciolluiscoromina.org\/index.php\/wp-json\/wp\/v2\/posts"}],"about":[{"href":"http:\/\/fundaciolluiscoromina.org\/index.php\/wp-json\/wp\/v2\/types\/post"}],"author":[{"embeddable":true,"href":"http:\/\/fundaciolluiscoromina.org\/index.php\/wp-json\/wp\/v2\/users\/2"}],"replies":[{"embeddable":true,"href":"http:\/\/fundaciolluiscoromina.org\/index.php\/wp-json\/wp\/v2\/comments?post=4822"}],"version-history":[{"count":0,"href":"http:\/\/fundaciolluiscoromina.org\/index.php\/wp-json\/wp\/v2\/posts\/4822\/revisions"}],"wp:attachment":[{"href":"http:\/\/fundaciolluiscoromina.org\/index.php\/wp-json\/wp\/v2\/media?parent=4822"}],"wp:term":[{"taxonomy":"category","embeddable":true,"href":"http:\/\/fundaciolluiscoromina.org\/index.php\/wp-json\/wp\/v2\/categories?post=4822"},{"taxonomy":"post_tag","embeddable":true,"href":"http:\/\/fundaciolluiscoromina.org\/index.php\/wp-json\/wp\/v2\/tags?post=4822"}],"curies":[{"name":"wp","href":"https:\/\/api.w.org\/{rel}","templated":true}]}}