{"id":4836,"date":"2020-10-13T16:31:05","date_gmt":"2020-10-13T14:31:05","guid":{"rendered":"http:\/\/www.fundaciolluiscoromina.org\/?p=4836"},"modified":"2020-10-13T16:31:05","modified_gmt":"2020-10-13T14:31:05","slug":"la-caravana-de-sofia-un-projecte-de-cooperacio-internacional-a-mexic","status":"publish","type":"post","link":"http:\/\/fundaciolluiscoromina.org\/index.php\/2020\/10\/13\/la-caravana-de-sofia-un-projecte-de-cooperacio-internacional-a-mexic\/","title":{"rendered":"&#8216;La caravana de Sof\u00eda&#8217;, un projecte de cooperaci\u00f3 internacional a M\u00e8xic"},"content":{"rendered":"<p><span class=\"\">En l\u2019\u00e0mbit de la cooperaci\u00f3 internacional, la Fundaci\u00f3 Llu\u00eds Coromina ha donat el seu suport al projecte <i class=\"\">La caravana de Sof\u00eda<\/i>, una iniciativa itinerant basada en l\u2019experi\u00e8ncia viscuda durant els \u00faltims cinc anys per diversos pobles originaris de M\u00e8xic. Impulsat per Marin\u00e9 Ayala Guerra i el seu marit d\u2019origen catal\u00e0, el projecte t\u00e9 com a principal objectiu con\u00e8ixer la realitat d\u2019alguns pobles ind\u00edgenes de les zones rurals mexicanes, on l\u2019educaci\u00f3 \u00e9s pr\u00e0cticament inexistent. <i class=\"\">La caravana de Sof\u00eda <\/i>ha viatjat per diversos indrets dels Alts de Xiapes i Sant Crist\u00f2bal de les Cases per interactuar amb els infants d\u2019aquestes comunitats i crear conjuntament una educaci\u00f3 adequada, estructurada i basada en el desenvolupament de les seves qualitats, tenint en compte la seva realitat, els seus costums i la situaci\u00f3 en la que viuen. Centrada en la sensibilitat individual de cadascun dels infants que han format part d\u2019aquest projecte m\u00f2bil, Marin\u00e9 Ayala i el seu marit han considerat necessari impulsar una educaci\u00f3 digna per als menors de les diverses comunitats ind\u00edgenes tsotsiles, situades a diversos indrets de M\u00e8xic. Per aix\u00f2, entre moltes altres iniciatives, el divendres 9 d\u2019octubre s\u2019ha inaugurat el primer espai educatiu per desenvolupar diverses activitats educatives i potenciar les habilitats dels infants que habiten aquestes zones normalment oblidades i marginades.<\/span><\/p>\n<p><a href=\"http:\/\/www.fundaciolluiscoromina.org\/wp-content\/uploads\/2020\/10\/ff4d46fa-3a57-4b02-946f-8e49675d2953.jpg\"><img loading=\"lazy\" decoding=\"async\" class=\"alignnone size-medium wp-image-4838\" src=\"http:\/\/www.fundaciolluiscoromina.org\/wp-content\/uploads\/2020\/10\/ff4d46fa-3a57-4b02-946f-8e49675d2953-174x300.jpg\" alt=\"\" width=\"174\" height=\"300\" \/><\/a> <a href=\"http:\/\/www.fundaciolluiscoromina.org\/wp-content\/uploads\/2020\/10\/IMG_20200915_150535671-2-2.jpg\"><img loading=\"lazy\" decoding=\"async\" class=\"alignnone size-medium wp-image-4839\" src=\"http:\/\/www.fundaciolluiscoromina.org\/wp-content\/uploads\/2020\/10\/IMG_20200915_150535671-2-2-251x300.jpg\" alt=\"\" width=\"251\" height=\"300\" \/><\/a><\/p>\n<pre>Imatges del projecte <em>La caravana de Sof\u00eda<\/em><\/pre>\n<p><a href=\"http:\/\/www.fundaciolluiscoromina.org\/wp-content\/uploads\/2020\/10\/318e4c50-508b-4395-9567-ed856b25937b.jpg\"><img loading=\"lazy\" decoding=\"async\" class=\"alignnone size-medium wp-image-4842\" src=\"http:\/\/www.fundaciolluiscoromina.org\/wp-content\/uploads\/2020\/10\/318e4c50-508b-4395-9567-ed856b25937b-300x169.jpg\" alt=\"\" width=\"300\" height=\"169\" \/><\/a> <a href=\"http:\/\/www.fundaciolluiscoromina.org\/wp-content\/uploads\/2020\/10\/171fc903-e59c-40b4-a3bc-7c6f1ba2fd81.jpg\"><img loading=\"lazy\" decoding=\"async\" class=\"alignnone size-medium wp-image-4841\" src=\"http:\/\/www.fundaciolluiscoromina.org\/wp-content\/uploads\/2020\/10\/171fc903-e59c-40b4-a3bc-7c6f1ba2fd81-300x169.jpg\" alt=\"\" width=\"300\" height=\"169\" \/><\/a><\/p>\n<pre>Imatges del primer espai educatiu, inaugurat el 9 d'octubre de 2020<\/pre>\n<p><a href=\"http:\/\/www.fundaciolluiscoromina.org\/wp-content\/uploads\/2020\/10\/08ffec69-9784-4985-afeb-26699bcf8e9c.jpg\"><img loading=\"lazy\" decoding=\"async\" class=\"alignnone size-medium wp-image-4840\" src=\"http:\/\/www.fundaciolluiscoromina.org\/wp-content\/uploads\/2020\/10\/08ffec69-9784-4985-afeb-26699bcf8e9c-256x300.jpg\" alt=\"\" width=\"256\" height=\"300\" \/><\/a><\/p>\n<pre><span class=\"\">Marin\u00e9 Ayala Guerra, impulsora del projecte <em>La caravana de Sof\u00eda<\/em><\/span><\/pre>\n","protected":false},"excerpt":{"rendered":"<p>En l\u2019\u00e0mbit de la cooperaci\u00f3 internacional, la Fundaci\u00f3 Llu\u00eds Coromina ha donat el seu suport al projecte La caravana de &#8230;<\/p>\n","protected":false},"author":2,"featured_media":4843,"comment_status":"open","ping_status":"open","sticky":false,"template":"","format":"standard","meta":{"footnotes":""},"categories":[15,10,11,9,12],"tags":[],"class_list":["post-4836","post","type-post","status-publish","format-standard","has-post-thumbnail","hentry","category-accions-socials","category-activitats","category-educacio-2","category-historic","category-publicacions"],"_links":{"self":[{"href":"http:\/\/fundaciolluiscoromina.org\/index.php\/wp-json\/wp\/v2\/posts\/4836","targetHints":{"allow":["GET"]}}],"collection":[{"href":"http:\/\/fundaciolluiscoromina.org\/index.php\/wp-json\/wp\/v2\/posts"}],"about":[{"href":"http:\/\/fundaciolluiscoromina.org\/index.php\/wp-json\/wp\/v2\/types\/post"}],"author":[{"embeddable":true,"href":"http:\/\/fundaciolluiscoromina.org\/index.php\/wp-json\/wp\/v2\/users\/2"}],"replies":[{"embeddable":true,"href":"http:\/\/fundaciolluiscoromina.org\/index.php\/wp-json\/wp\/v2\/comments?post=4836"}],"version-history":[{"count":0,"href":"http:\/\/fundaciolluiscoromina.org\/index.php\/wp-json\/wp\/v2\/posts\/4836\/revisions"}],"wp:attachment":[{"href":"http:\/\/fundaciolluiscoromina.org\/index.php\/wp-json\/wp\/v2\/media?parent=4836"}],"wp:term":[{"taxonomy":"category","embeddable":true,"href":"http:\/\/fundaciolluiscoromina.org\/index.php\/wp-json\/wp\/v2\/categories?post=4836"},{"taxonomy":"post_tag","embeddable":true,"href":"http:\/\/fundaciolluiscoromina.org\/index.php\/wp-json\/wp\/v2\/tags?post=4836"}],"curies":[{"name":"wp","href":"https:\/\/api.w.org\/{rel}","templated":true}]}}