{"id":4853,"date":"2020-10-20T16:51:55","date_gmt":"2020-10-20T14:51:55","guid":{"rendered":"http:\/\/www.fundaciolluiscoromina.org\/?p=4853"},"modified":"2020-10-20T16:51:55","modified_gmt":"2020-10-20T14:51:55","slug":"raquel-cohen-donacio-i-diposit-de-part-de-la-seva-obra-artistica","status":"publish","type":"post","link":"http:\/\/fundaciolluiscoromina.org\/index.php\/2020\/10\/20\/raquel-cohen-donacio-i-diposit-de-part-de-la-seva-obra-artistica\/","title":{"rendered":"Raquel Cohen: donaci\u00f3 i dip\u00f2sit de part de la seva obra art\u00edstica a la Fundaci\u00f3 Llu\u00eds Coromina"},"content":{"rendered":"<p>Una part de l\u2019obra art\u00edstica de l\u2019escultora Raquel Cohen ha estat donada i dipositada a l\u2019espai El Puntal-Laboratori de les Arts de la Fundaci\u00f3 Llu\u00eds Coromina. Despr\u00e9s d\u2019arribar a un acord amb la neboda de l\u2019artista, aquesta donaci\u00f3 de vint-i-una peces de l&#8217;artista \u00e9s de gran inter\u00e8s per a la Fundaci\u00f3, que s\u2019ha comprom\u00e8s a visibilitzar i difondre l\u2019obra de l\u2019escultora a trav\u00e9s de diverses activitats i exposicions a nivell individual i col\u00b7lectiu.<\/p>\n<p>Les 21 escultures formen part de la s\u00e8rie <em>\u00c9ssers de llum. Escultures de coure, llum i t\u00e8cnica mixta<\/em>. Es tracta d\u2019una col\u00b7lecci\u00f3 d\u2019escultures inspirades en el m\u00f3n natural i en diversos s\u00edmbols universals les quals expressen, segons afirmava l\u2019artista americana, \u201cel meravell\u00f3s sentit de lo inefable\u201d. \u00a0Aix\u00ed doncs, les diverses peces d\u2019aquesta col\u00b7lecci\u00f3 s\u00f3n el fruit de m\u00e9s de dues d\u00e8cades dedicades a explorar els canals d\u2019\u00fani\u00f3 entre la forma i la llum. Les formes de les escultures han estat creades especialment per a actuar com a vehicles que contenen i projecten la lluminositat.<\/p>\n<p><a href=\"http:\/\/www.fundaciolluiscoromina.org\/wp-content\/uploads\/2020\/10\/FOTO-OK-2.jpg\"><img loading=\"lazy\" decoding=\"async\" class=\"alignnone size-medium wp-image-4856\" src=\"http:\/\/www.fundaciolluiscoromina.org\/wp-content\/uploads\/2020\/10\/FOTO-OK-2-300x200.jpg\" alt=\"\" width=\"300\" height=\"200\" \/><\/a><\/p>\n<p>Nascuda a Chicago (Estats Units), Raquel Cohen \u00e9s una escultora pionera en la poetitzaci\u00f3 de la llum artificial. Resident durant molts anys de la seva vida a l\u2019Estat espanyol, l\u2019autora va encisar-se amb la m\u00e0gia lum\u00ednica de la Barcelona nocturna contemplada des de Vallvidrera, i m\u00e9s tard va descobrir els efectes curatius, la poesia i la bellesa que podia produir la llum artificial.<\/p>\n<p>El seu art \u00e9s un pretext per a la indagaci\u00f3 sobre els trets essencials i comuns entre les diferents cultures del planeta. Raquel Cohen treballa textures i formes org\u00e0niques, inspirant-se especialment en les formes i esp\u00e8cies aqu\u00e0tiques, aix\u00ed com en la seva transmutaci\u00f3 el\u00e8ctrica nocturna, com \u00e9s el cas de les meduses, les algues o els peixos. La dial\u00e8ctica amb la llum de cada escultura es mant\u00e9 durant el dia gr\u00e0cies a les textures serenes verdes, grogues i vermelloses, aplicades sobre coure, pl\u00e0stic o teranyines de filferro curtides pel temps. Tot i aix\u00ed, l\u2019efervesc\u00e8ncia \u00f2ptima entre la llum i l\u2019escultura arriba al vespre, quan se\u2019n va la llum del sol i les llums amagades dins l\u2019escultura es van filtrant a trav\u00e9s dels porus de la mat\u00e8ria escult\u00f2rica, i projecten unes impressionants ombres gravades als murs.<\/p>\n<p>Raquel Cohen podria ser considerada una \u201cescultora de llums\u201d. En la seva obra \u00e9s predominant la refer\u00e8ncia escult\u00f2rica que ens transmeten les projeccions de llums. Els jocs lum\u00ednics que es mouen a la paret adquireixen una tercera dimensi\u00f3, i l\u2019escultora ho identifica amb el creixement de la naturalesa, amb la que se sent plenament identificada. \u00c9s precisament en aquesta identificaci\u00f3 quan l\u2019artista millor optimitza i desplega el seus cinc sentits i ens ofereix la vessant m\u00e9s fecunda del seu art.<\/p>\n<p>Aquesta donaci\u00f3 s&#8217;emmarca dins l\u2019estrat\u00e8gia de la Fundaci\u00f3 Llu\u00eds Coromina per consolidar i donar a con\u00e8ixer els llegats de diversos autors d&#8217;inter\u00e8s que viuen o treballen a casa nostra. M\u00e9s enll\u00e0 de l\u2019obra de Raquel Cohen, aquesta tasca de divulgaci\u00f3 s\u2019ha fet tamb\u00e9 amb l\u2019obra de Llu\u00eds Vil\u00e0, amb les escultures del dissenyador Rafael Marquina i amb el suport al llegat de Carles Fontser\u00e8.<\/p>\n<p>L\u2019any vinent es podran veure les peces cedides a la Fundaci\u00f3 en una exposici\u00f3 creada especialment per difondre l\u2019obra de l\u2019artista americana.<\/p>\n","protected":false},"excerpt":{"rendered":"<p>Una part de l\u2019obra art\u00edstica de l\u2019escultora Raquel Cohen ha estat donada i dipositada a l\u2019espai El Puntal-Laboratori de les &#8230;<\/p>\n","protected":false},"author":2,"featured_media":4855,"comment_status":"open","ping_status":"open","sticky":false,"template":"","format":"standard","meta":{"footnotes":""},"categories":[14,10,13,9,12],"tags":[],"class_list":["post-4853","post","type-post","status-publish","format-standard","has-post-thumbnail","hentry","category-accions-culturals","category-activitats","category-exposicions-puntal-lab","category-historic","category-publicacions"],"_links":{"self":[{"href":"http:\/\/fundaciolluiscoromina.org\/index.php\/wp-json\/wp\/v2\/posts\/4853","targetHints":{"allow":["GET"]}}],"collection":[{"href":"http:\/\/fundaciolluiscoromina.org\/index.php\/wp-json\/wp\/v2\/posts"}],"about":[{"href":"http:\/\/fundaciolluiscoromina.org\/index.php\/wp-json\/wp\/v2\/types\/post"}],"author":[{"embeddable":true,"href":"http:\/\/fundaciolluiscoromina.org\/index.php\/wp-json\/wp\/v2\/users\/2"}],"replies":[{"embeddable":true,"href":"http:\/\/fundaciolluiscoromina.org\/index.php\/wp-json\/wp\/v2\/comments?post=4853"}],"version-history":[{"count":0,"href":"http:\/\/fundaciolluiscoromina.org\/index.php\/wp-json\/wp\/v2\/posts\/4853\/revisions"}],"wp:attachment":[{"href":"http:\/\/fundaciolluiscoromina.org\/index.php\/wp-json\/wp\/v2\/media?parent=4853"}],"wp:term":[{"taxonomy":"category","embeddable":true,"href":"http:\/\/fundaciolluiscoromina.org\/index.php\/wp-json\/wp\/v2\/categories?post=4853"},{"taxonomy":"post_tag","embeddable":true,"href":"http:\/\/fundaciolluiscoromina.org\/index.php\/wp-json\/wp\/v2\/tags?post=4853"}],"curies":[{"name":"wp","href":"https:\/\/api.w.org\/{rel}","templated":true}]}}