{"id":4866,"date":"2020-11-11T11:59:31","date_gmt":"2020-11-11T10:59:31","guid":{"rendered":"http:\/\/www.fundaciolluiscoromina.org\/?p=4866"},"modified":"2020-11-11T11:59:31","modified_gmt":"2020-11-11T10:59:31","slug":"lespai-isern-dalmau-acull-la-mostra-temporal-concert-pel-bioce-dins-el-festival-loop-de-barcelona","status":"publish","type":"post","link":"http:\/\/fundaciolluiscoromina.org\/index.php\/2020\/11\/11\/lespai-isern-dalmau-acull-la-mostra-temporal-concert-pel-bioce-dins-el-festival-loop-de-barcelona\/","title":{"rendered":"L&#8217;Espai Isern Dalmau acull la mostra temporal &#8216;Concert pel Bioc\u00e8&#8217;, dins el Festival LOOP de Barcelona"},"content":{"rendered":"<p><span style=\"color: #ff0000;\"><strong>[La mostra es pot visitar fins al pr\u00f2xim 27 de febrer 2021]<\/strong><\/span><\/p>\n<p>Del 10 al 22 de novembre, la Fundaci\u00f3 Llu\u00eds Coromina acull la mostra temporal <em>Concert pel Bioc\u00e8<\/em>, dins la 18a edici\u00f3 del Festival LOOP de Barcelona. Titulada amb el mateix nom que l\u2019obra de l\u2019artista Eugenio Ampudia, la mostra exposada al vest\u00edbul de l\u2019Espai Isern Dalmau \u00e9s una creaci\u00f3 art\u00edstica formada per un <em>video work<\/em>\u00a0i una imatge de l\u2019acci\u00f3 que va tenir lloc el mes de juny al Gran Teatre del Liceu.<\/p>\n<p>L\u2019obra <em>Concert pel Bioc\u00e8<\/em> d\u2019Eugenio Ampudia, que tamb\u00e9 va comptar amb la participaci\u00f3 de la Fundaci\u00f3 Llu\u00eds Coromina, es va dur a terme el 22 de juny amb motiu de la reobertura de la programaci\u00f3 del Gran Teatre del Liceu, despr\u00e9s de la fi de l\u2019estat d\u2019alarma a l\u2019Estat espanyol. Aquest \u201cconcert per a plantes\u201d, en el qual va participar el quartet de corda UceLi Quartet amb la interpretaci\u00f3 de la pe\u00e7a <em>Crisantemi <\/em>de Giacomo Puccini, va comptar amb 2.292 plantes \u2013l\u2019aforament total del teatre\u2013 i es va realitzar com un acte simb\u00f2lic d\u2019un canvi de paradigma. La mostra exposada a l&#8217;Espai Isern Dalmau, que ha comptat amb col\u00b7laboraci\u00f3 de la Galeria Max Estrella, \u00e9s una creaci\u00f3 art\u00edstica\u00a0resultant d\u2019aquesta acci\u00f3 i est\u00e0 formada per la imatge d&#8217;Eugenio Ampudia\u00a0<em>Concert pel Bioc\u00e8<\/em> i per un\u00a0<em>video work <\/em>creat exclusivament per aquesta mostra temporal.<\/p>\n<p>La 18a edici\u00f3 del Festival LOOP de Barcelona, que enguany combina exposicions presencials amb activitats online, compta amb la participaci\u00f3 de m\u00e9s de 150 artistes, 40 comissaris i 60 espais d\u2019art i cultura, entre els quals es troba l\u2019Espai Isern Dalmau de la Fundaci\u00f3 Llu\u00eds Coromina. Els diversos projectes del Festival Loop exploren de forma natural algunes preocupacions relacionades amb el moment actual i posen l\u2019interrogant en la relaci\u00f3 de l\u2019\u00e9sser hum\u00e0 amb l\u2019entorn i la necessitat de fer comunitat.<\/p>\n<p>M\u00e9s informaci\u00f3 <a href=\"http:\/\/loop-barcelona.com\/ca\/activity\/concierto-para-el-bioceno\/\"><strong>en aquest enlla\u00e7<\/strong><\/a>.<\/p>\n<p>&nbsp;<\/p>\n<p><u>Dates exposici\u00f3:<\/u> Del 10 al 22 de novembre de 2020.<\/p>\n<p><u>Localitzaci\u00f3:<\/u> Espai Isern Dalmau | Carrer Mallorca, 305 &#8211; local 2, 08037, Barcelona<\/p>\n<p><u>Horaris:<\/u> De dimarts a divendres de 17 h a 20 h | Dissabtes de 10 h a 13 h<\/p>\n","protected":false},"excerpt":{"rendered":"<p>[La mostra es pot visitar fins al pr\u00f2xim 27 de febrer 2021] Del 10 al 22 de novembre, la Fundaci\u00f3 &#8230;<\/p>\n","protected":false},"author":2,"featured_media":4867,"comment_status":"open","ping_status":"open","sticky":false,"template":"","format":"standard","meta":{"footnotes":""},"categories":[14,15,10,228,9,12],"tags":[],"class_list":["post-4866","post","type-post","status-publish","format-standard","has-post-thumbnail","hentry","category-accions-culturals","category-accions-socials","category-activitats","category-exposicions-espai-isern-dalmau","category-historic","category-publicacions"],"_links":{"self":[{"href":"http:\/\/fundaciolluiscoromina.org\/index.php\/wp-json\/wp\/v2\/posts\/4866","targetHints":{"allow":["GET"]}}],"collection":[{"href":"http:\/\/fundaciolluiscoromina.org\/index.php\/wp-json\/wp\/v2\/posts"}],"about":[{"href":"http:\/\/fundaciolluiscoromina.org\/index.php\/wp-json\/wp\/v2\/types\/post"}],"author":[{"embeddable":true,"href":"http:\/\/fundaciolluiscoromina.org\/index.php\/wp-json\/wp\/v2\/users\/2"}],"replies":[{"embeddable":true,"href":"http:\/\/fundaciolluiscoromina.org\/index.php\/wp-json\/wp\/v2\/comments?post=4866"}],"version-history":[{"count":0,"href":"http:\/\/fundaciolluiscoromina.org\/index.php\/wp-json\/wp\/v2\/posts\/4866\/revisions"}],"wp:attachment":[{"href":"http:\/\/fundaciolluiscoromina.org\/index.php\/wp-json\/wp\/v2\/media?parent=4866"}],"wp:term":[{"taxonomy":"category","embeddable":true,"href":"http:\/\/fundaciolluiscoromina.org\/index.php\/wp-json\/wp\/v2\/categories?post=4866"},{"taxonomy":"post_tag","embeddable":true,"href":"http:\/\/fundaciolluiscoromina.org\/index.php\/wp-json\/wp\/v2\/tags?post=4866"}],"curies":[{"name":"wp","href":"https:\/\/api.w.org\/{rel}","templated":true}]}}