{"id":4877,"date":"2020-11-20T10:28:47","date_gmt":"2020-11-20T09:28:47","guid":{"rendered":"http:\/\/www.fundaciolluiscoromina.org\/?p=4877"},"modified":"2020-11-20T10:28:47","modified_gmt":"2020-11-20T09:28:47","slug":"la-fundacio-lluis-coromina-collabora-en-la-primera-edicio-de-la-beca-berta-casas-dinvestigacio-en-lart-contemporani","status":"publish","type":"post","link":"http:\/\/fundaciolluiscoromina.org\/index.php\/2020\/11\/20\/la-fundacio-lluis-coromina-collabora-en-la-primera-edicio-de-la-beca-berta-casas-dinvestigacio-en-lart-contemporani\/","title":{"rendered":"La Fundaci\u00f3 Llu\u00eds Coromina col\u00b7labora en la primera edici\u00f3 de la Beca Berta Casas d\u2019investigaci\u00f3 en l\u2019art contemporani"},"content":{"rendered":"<p>La Fundaci\u00f3 Atrium Artis i Bonart Cultural, amb la col\u00b7laboraci\u00f3 de la Fundaci\u00f3 Llu\u00eds Coromina i el Grup Excursionista i Esportiu Giron\u00ed (GEiEG), convoquen la primera Beca Berta Casas d\u2019investigaci\u00f3 en art contemporani.<\/p>\n<p>Dirigida a artistes contemporanis catalans o moviments i institucions catalanes amb seu a Catalunya, l\u2019objectiu de la primera Beca Berta Casas \u00e9s promoure la recerca i la investigaci\u00f3 sobre l\u2019art contemporani, aix\u00ed com l\u2019exploraci\u00f3 cr\u00edtica de les seves metodologies i el foment de la documentaci\u00f3, la publicaci\u00f3 i la difusi\u00f3 de la investigaci\u00f3 art\u00edstica contempor\u00e0nia. La creaci\u00f3 d\u2019aquesta beca vol fer entendre la pr\u00e0ctica art\u00edstica com a generadora i motor de coneixement.<\/p>\n<p>La dotaci\u00f3 ec\u00f2nomica d\u2019aquesta primera convocat\u00f2ria \u00e9s de 2.000 \u20ac, a la qual podran optar-hi artistes, historiadors, cr\u00edtics d&#8217;art i altres professionals del sector cultural que realitzin tasques de recerca i investigaci\u00f3 sobre l\u2019art contemporani i el seu entorn.<\/p>\n<p>El jurat de la primera edici\u00f3 estar\u00e0 format per Montse Badia, cr\u00edtica d\u2019art i directora art\u00edstica de la col\u00b7lecci\u00f3 d&#8217;art contemporani Cal Cego; Carme Clusellas, directora del Museu d\u2019Art de Girona; Ricard Planas, editor de Bonart Cultural i director de la Fundaci\u00f3 Llu\u00eds Coromina, i Guillem Bou, membre i secretari del Patronat de la Fundaci\u00f3 Atrium Artis.<\/p>\n<p>Les bases de la I Beca Berta Casas\u00a0<a href=\"http:\/\/atriumartis.com\/wp-content\/uploads\/2020\/11\/BECA-BERTA-CASAS-rect1.pdf\">es poden consultar aqu\u00ed<\/a>.<\/p>\n<p>&nbsp;<\/p>\n<p><strong>Berta Casas: un nom clau en l\u2019activisme cultural giron\u00ed<\/strong><\/p>\n<p>L&#8217;activista cultural Berta Casas, \u00e0nima de la Fundaci\u00f3 Atrium Artis durant molts anys, va ser una pe\u00e7a clau d&#8217;iniciatives culturals i de la promoci\u00f3 d&#8217;artistes a la ciutat de Girona. Amb un tarann\u00e0 dialogant, positiu, emprenedor i rigor\u00f3s, va incentivar activitats i exposicions relacionades amb l\u2019art i la cultura en diferents espais: la Galeria Nom\u00e9s Art, el Centre C\u00edvic de Can Ninetes al barri de Santa Eug\u00e8nia o la biblioteca Iu Bohigas de la Factoria Coma-Cros de Salt, entre d\u2019altres.<\/p>\n<p>&nbsp;<\/p>\n","protected":false},"excerpt":{"rendered":"<p>La Fundaci\u00f3 Atrium Artis i Bonart Cultural, amb la col\u00b7laboraci\u00f3 de la Fundaci\u00f3 Llu\u00eds Coromina i el Grup Excursionista i &#8230;<\/p>\n","protected":false},"author":2,"featured_media":4878,"comment_status":"open","ping_status":"open","sticky":false,"template":"","format":"standard","meta":{"footnotes":""},"categories":[14,15,10,9,12],"tags":[],"class_list":["post-4877","post","type-post","status-publish","format-standard","has-post-thumbnail","hentry","category-accions-culturals","category-accions-socials","category-activitats","category-historic","category-publicacions"],"_links":{"self":[{"href":"http:\/\/fundaciolluiscoromina.org\/index.php\/wp-json\/wp\/v2\/posts\/4877","targetHints":{"allow":["GET"]}}],"collection":[{"href":"http:\/\/fundaciolluiscoromina.org\/index.php\/wp-json\/wp\/v2\/posts"}],"about":[{"href":"http:\/\/fundaciolluiscoromina.org\/index.php\/wp-json\/wp\/v2\/types\/post"}],"author":[{"embeddable":true,"href":"http:\/\/fundaciolluiscoromina.org\/index.php\/wp-json\/wp\/v2\/users\/2"}],"replies":[{"embeddable":true,"href":"http:\/\/fundaciolluiscoromina.org\/index.php\/wp-json\/wp\/v2\/comments?post=4877"}],"version-history":[{"count":0,"href":"http:\/\/fundaciolluiscoromina.org\/index.php\/wp-json\/wp\/v2\/posts\/4877\/revisions"}],"wp:attachment":[{"href":"http:\/\/fundaciolluiscoromina.org\/index.php\/wp-json\/wp\/v2\/media?parent=4877"}],"wp:term":[{"taxonomy":"category","embeddable":true,"href":"http:\/\/fundaciolluiscoromina.org\/index.php\/wp-json\/wp\/v2\/categories?post=4877"},{"taxonomy":"post_tag","embeddable":true,"href":"http:\/\/fundaciolluiscoromina.org\/index.php\/wp-json\/wp\/v2\/tags?post=4877"}],"curies":[{"name":"wp","href":"https:\/\/api.w.org\/{rel}","templated":true}]}}