{"id":4885,"date":"2020-11-24T09:53:40","date_gmt":"2020-11-24T08:53:40","guid":{"rendered":"http:\/\/www.fundaciolluiscoromina.org\/?p=4885"},"modified":"2020-11-24T09:53:40","modified_gmt":"2020-11-24T08:53:40","slug":"lassociacio-azahara-sincorpora-al-coworking-de-lespai-isern-dalmau-i-impulsa-el-projecte-barcelona-es-mixtura","status":"publish","type":"post","link":"http:\/\/fundaciolluiscoromina.org\/index.php\/2020\/11\/24\/lassociacio-azahara-sincorpora-al-coworking-de-lespai-isern-dalmau-i-impulsa-el-projecte-barcelona-es-mixtura\/","title":{"rendered":"L\u2019associaci\u00f3 Azahara s\u2019incorpora al \u2018coworking\u2019 de l\u2019Espai Isern Dalmau i impulsa el projecte \u2018Barcelona \u00e9s mixtura\u2019"},"content":{"rendered":"<p>L\u2019espai de \u2018coworking\u2019 de la Fundaci\u00f3 Llu\u00eds Coromina de Barcelona incorpora la nova delegaci\u00f3 de l\u2019associaci\u00f3 Azahara, una organitzaci\u00f3 sense \u00e0nim de lucre que treballa pel\u00a0foment de l&#8217;emprenedoria social entre col\u00b7lectius d&#8217;origen divers\u00a0i la\u00a0Cooperaci\u00f3 al Desenvolupament al Nord del Marroc. La nova delegaci\u00f3 de Barcelona, situada a l\u2019Espai Isern Dalmau, se suma a la seu principal situada al municipi de Salt i a les dues delegacions de Girona i M\u00e0laga.<\/p>\n<p>Impulsada pel comunicador i emprenedor social Mohamed El Amrani, l\u2019objectiu de l\u2019associaci\u00f3 \u00e9s generar ecosistemes d&#8217;emprenedoria social i cultural, sobretot projectes vinculats a l&#8217;educaci\u00f3, la cultura, la inclusi\u00f3 i la cooperaci\u00f3 al desenvolupament. Un dels \u00faltims projectes impulsats des d\u2019Azahara <em>\u00e9s Barcelona \u00e9s mixtura<\/em>, un nou canal de contingut audiovisual que t\u00e9 com a objectiu recollir entrevistes de joves d&#8217;origen divers que estiguin liderant iniciatives de transformaci\u00f3 social, comunit\u00e0ria i cultural a la ciutat de Barcelona. Aquest nou projecte, que compta amb el suport de l&#8217;Ajuntament de Barcelona i t\u00e9 com a escenari principal l\u2019Espai Isern Dalmau de la Fundaci\u00f3 Llu\u00eds Coromina, vol potenciar i crear retrats propers i innovadors de referents an\u00f2nims que han impulsat projectes extraordinaris. Les primeres c\u00e0psules tenen com a protagonistes tres joves barcelonines que destaquen pel seu comprom\u00eds social i cultural a la ciutat: Moha Freestyle, Emilia Larach i Misbah Yousaf.<\/p>\n<p><a href=\"http:\/\/www.fundaciolluiscoromina.org\/wp-content\/uploads\/2020\/11\/Moha-.jpg\"><img loading=\"lazy\" decoding=\"async\" class=\"alignnone wp-image-4886\" src=\"http:\/\/www.fundaciolluiscoromina.org\/wp-content\/uploads\/2020\/11\/Moha--1024x576.jpg\" alt=\"\" width=\"600\" height=\"338\" \/><\/a><\/p>\n<h6>Rodatge de les primeres c\u00e0psules de v\u00eddeo del projecte <em>Barcelona \u00e9s mixtura<\/em>, a la imatge amb Misbah Yousaf.<\/h6>\n<p><strong>L\u2019associaci\u00f3 Azahara<\/strong><\/p>\n<p>Azahara neix l\u2019any 2015 gr\u00e0cies al treball conjunt de les ciutats de Frigiliana (M\u00e0laga) i Chef Chaouen (Marroc), que van establir una nova mirada enfocada en compartir recursos i bones pr\u00e0ctiques. L\u2019organitzaci\u00f3 aglutina empreses i associacions del sector p\u00fablic i privat, del teixit associatiu i de l\u2019acci\u00f3 ciutadana com a actors essencials en el desenvolupament de projectes de cooperaci\u00f3. Els projectes de l&#8217;entitat es basen principalment en l\u2019acompanyament de persones amb risc d&#8217;exclusi\u00f3 social en els processos de creaci\u00f3 de noves iniciatives d&#8217;emprenedoria social, aix\u00ed com en el foment de la conviv\u00e8ncia i el di\u00e0leg intercultural. L\u2019associaci\u00f3 tamb\u00e9 s\u2019encarrega de la creaci\u00f3 d&#8217;accions internacionals en pro de la igualtat d&#8217;oportunitats, la cultura i l&#8217;educaci\u00f3, i aposta per la formaci\u00f3 i recolzament de l\u00edders comunitaris en diferents zones del pa\u00eds.<\/p>\n<p>M\u00e9s informaci\u00f3 de l\u2019associaci\u00f3 Azahara a la p\u00e0gina web <u><a href=\"http:\/\/www.azahara.org\">www.azahara.org<\/a>.<\/u><\/p>\n","protected":false},"excerpt":{"rendered":"<p>L\u2019espai de \u2018coworking\u2019 de la Fundaci\u00f3 Llu\u00eds Coromina de Barcelona incorpora la nova delegaci\u00f3 de l\u2019associaci\u00f3 Azahara, una organitzaci\u00f3 sense &#8230;<\/p>\n","protected":false},"author":2,"featured_media":4891,"comment_status":"open","ping_status":"open","sticky":false,"template":"","format":"standard","meta":{"footnotes":""},"categories":[14,15,10,11,228,9,12],"tags":[],"class_list":["post-4885","post","type-post","status-publish","format-standard","has-post-thumbnail","hentry","category-accions-culturals","category-accions-socials","category-activitats","category-educacio-2","category-exposicions-espai-isern-dalmau","category-historic","category-publicacions"],"_links":{"self":[{"href":"http:\/\/fundaciolluiscoromina.org\/index.php\/wp-json\/wp\/v2\/posts\/4885","targetHints":{"allow":["GET"]}}],"collection":[{"href":"http:\/\/fundaciolluiscoromina.org\/index.php\/wp-json\/wp\/v2\/posts"}],"about":[{"href":"http:\/\/fundaciolluiscoromina.org\/index.php\/wp-json\/wp\/v2\/types\/post"}],"author":[{"embeddable":true,"href":"http:\/\/fundaciolluiscoromina.org\/index.php\/wp-json\/wp\/v2\/users\/2"}],"replies":[{"embeddable":true,"href":"http:\/\/fundaciolluiscoromina.org\/index.php\/wp-json\/wp\/v2\/comments?post=4885"}],"version-history":[{"count":0,"href":"http:\/\/fundaciolluiscoromina.org\/index.php\/wp-json\/wp\/v2\/posts\/4885\/revisions"}],"wp:attachment":[{"href":"http:\/\/fundaciolluiscoromina.org\/index.php\/wp-json\/wp\/v2\/media?parent=4885"}],"wp:term":[{"taxonomy":"category","embeddable":true,"href":"http:\/\/fundaciolluiscoromina.org\/index.php\/wp-json\/wp\/v2\/categories?post=4885"},{"taxonomy":"post_tag","embeddable":true,"href":"http:\/\/fundaciolluiscoromina.org\/index.php\/wp-json\/wp\/v2\/tags?post=4885"}],"curies":[{"name":"wp","href":"https:\/\/api.w.org\/{rel}","templated":true}]}}