{"id":4896,"date":"2020-11-27T10:44:29","date_gmt":"2020-11-27T09:44:29","guid":{"rendered":"http:\/\/www.fundaciolluiscoromina.org\/?p=4896"},"modified":"2020-11-27T10:44:29","modified_gmt":"2020-11-27T09:44:29","slug":"el-fotograf-tino-soriano-presenta-curarte-un-recull-dimatges-del-mon-sanitari","status":"publish","type":"post","link":"http:\/\/fundaciolluiscoromina.org\/index.php\/2020\/11\/27\/el-fotograf-tino-soriano-presenta-curarte-un-recull-dimatges-del-mon-sanitari\/","title":{"rendered":"El fot\u00f2graf Tino Soriano presenta &#8216;CurArte&#8217;, un recull d&#8217;imatges del m\u00f3n sanitari"},"content":{"rendered":"<p>El fot\u00f2graf Tino Soriano publica el llibre <em>CurArte<\/em>, un recull d\u2019imatges del m\u00f3n sanitari de l\u2019Estat espanyol realitzat durant els \u00faltims quaranta anys. El llibre, que ha comptat amb el patrocini de la Fundaci\u00f3 Llu\u00eds Coromina, ja est\u00e0 disponible a les llibreries i tamb\u00e9 es pot adquirir a trav\u00e9s de la p\u00e0gina web de l\u2019artista <a href=\"http:\/\/www.tinosoriano.com\">www.tinosoriano.com<\/a>.<\/p>\n<p>Publicat per l&#8217;editorial Photoclub, <em>CurArte. 40 a\u00f1os fotografiando la sanidad espa\u00f1ola<\/em> \u00e9s un llegat visual \u00fanic del dia a dia dels professionals sanitaris i els seus pacients; un recopilatori d&#8217;imatges que revelen hist\u00f2ries d\u2019amor, generositat, heroisme i improvisaci\u00f3. Amb aquest treball de fotografia documental, Tino Soriano ha volgut reflectir i recon\u00e8ixer el gran esfor\u00e7 de tot el col\u00b7lectiu sanitari espanyol. D\u2019aquesta manera, el fot\u00f2graf recull quatre d\u00e8cades de feina, passi\u00f3 i dedicaci\u00f3 del personal dels hospitals, els centres psiqui\u00e0trics o les resid\u00e8ncies de gent gran. <em>CurArte<\/em> es tracta d\u2019una publicaci\u00f3 sense precedents que recull fotografies on es mostren tot de tem\u00e0tiques relacionades amb el m\u00f3n de la medicina, des de la tecnologia sanit\u00e0ria m\u00e9s moderna fins a les intervencions quir\u00fargiques realitzades en les condicions m\u00e9s prec\u00e0ries, entre d\u2019altres.<\/p>\n<p><a href=\"http:\/\/www.tinosoriano.com\"><img loading=\"lazy\" decoding=\"async\" class=\"alignnone wp-image-4897 size-medium\" src=\"http:\/\/www.fundaciolluiscoromina.org\/wp-content\/uploads\/2020\/11\/CURARTE-1X1-300x300.jpg\" alt=\"\" width=\"300\" height=\"300\" \/><\/a><\/p>\n<p>&nbsp;<\/p>\n<p>Tino Soriano \u00e9s un fot\u00f2graf vinculat a la Fundaci\u00f3 Llu\u00eds Coromina que ha estat premiat per l\u2019Organitzaci\u00f3 Mundial de la Salut i per l\u2019Acad\u00e8mia de Ci\u00e8ncies M\u00e8diques de Catalunya i Balears, gr\u00e0cies als seus reportatges fotogr\u00e0fics i la seva tasca divulgativa en el m\u00f3n de la sanitat. Ha treballat como a fot\u00f2graf en dotzenes d\u2019hospitals de tot el m\u00f3n i ha col\u00b7laborat amb diverses entitats m\u00e8diques, amb l\u2019objectiu de documentar amb espontane\u00eftat uns espais que s\u00f3n de dif\u00edcil acc\u00e9s per a les c\u00e0meres fotogr\u00e0fiques. A dia d\u2019avui treballa en un projecte sobre medicina tradicional a diversos pa\u00efsos amb National Geographic, on col\u00b7labora des de fa m\u00e9s de vint anys.<\/p>\n<p>Al llarg de la seva traject\u00f2ria ha obtingut diversos premis, entre ells el del prestigi\u00f3s World Press Photo, i ha col\u00b7laborat amb nombrosos mitjans de comunicaci\u00f3 com National Geographic, Time Magazine, El Pa\u00eds Semanal, Viajar, El Magazine, Geo, Jano, Paris Match, La Repubblica, Der Spiegel, Smithsonian Magazine o Los Angeles Times, entre molts m\u00e9s. Amb la publicaci\u00f3 del llibre <em>Ay\u00fadame a mirar<\/em> (PhotoClub) va obtenir el premi Nacional de la Confederaci\u00f3 Espanyola de Fotografia com a millor llibre de fotografia de l\u2019any 2020. Altres publicacions conegudes del fot\u00f2graf s\u00f3n <em>El futuro existe<\/em> i<em> David contra Goliat<\/em>, sobre el c\u00e0ncer infantil, o <em>Latidos en un hos\u00adpital<\/em> i <em>Conectados a la vida<\/em>, relacionades amb diverses tem\u00e0tiques sobre del m\u00f3n de la medicina. Amb Photoclub tamb\u00e9 ha publicat <em>Los secretos de la fotograf\u00eda de viajes<\/em> i <em>Fotograf\u00eda con una sonrisa<\/em>.<\/p>\n","protected":false},"excerpt":{"rendered":"<p>El fot\u00f2graf Tino Soriano publica el llibre CurArte, un recull d\u2019imatges del m\u00f3n sanitari de l\u2019Estat espanyol realitzat durant els &#8230;<\/p>\n","protected":false},"author":2,"featured_media":4898,"comment_status":"open","ping_status":"open","sticky":false,"template":"","format":"standard","meta":{"footnotes":""},"categories":[15,10,9,12],"tags":[],"class_list":["post-4896","post","type-post","status-publish","format-standard","has-post-thumbnail","hentry","category-accions-socials","category-activitats","category-historic","category-publicacions"],"_links":{"self":[{"href":"http:\/\/fundaciolluiscoromina.org\/index.php\/wp-json\/wp\/v2\/posts\/4896","targetHints":{"allow":["GET"]}}],"collection":[{"href":"http:\/\/fundaciolluiscoromina.org\/index.php\/wp-json\/wp\/v2\/posts"}],"about":[{"href":"http:\/\/fundaciolluiscoromina.org\/index.php\/wp-json\/wp\/v2\/types\/post"}],"author":[{"embeddable":true,"href":"http:\/\/fundaciolluiscoromina.org\/index.php\/wp-json\/wp\/v2\/users\/2"}],"replies":[{"embeddable":true,"href":"http:\/\/fundaciolluiscoromina.org\/index.php\/wp-json\/wp\/v2\/comments?post=4896"}],"version-history":[{"count":0,"href":"http:\/\/fundaciolluiscoromina.org\/index.php\/wp-json\/wp\/v2\/posts\/4896\/revisions"}],"wp:attachment":[{"href":"http:\/\/fundaciolluiscoromina.org\/index.php\/wp-json\/wp\/v2\/media?parent=4896"}],"wp:term":[{"taxonomy":"category","embeddable":true,"href":"http:\/\/fundaciolluiscoromina.org\/index.php\/wp-json\/wp\/v2\/categories?post=4896"},{"taxonomy":"post_tag","embeddable":true,"href":"http:\/\/fundaciolluiscoromina.org\/index.php\/wp-json\/wp\/v2\/tags?post=4896"}],"curies":[{"name":"wp","href":"https:\/\/api.w.org\/{rel}","templated":true}]}}