{"id":4908,"date":"2020-12-02T10:53:50","date_gmt":"2020-12-02T09:53:50","guid":{"rendered":"http:\/\/www.fundaciolluiscoromina.org\/?p=4908"},"modified":"2020-12-02T10:53:50","modified_gmt":"2020-12-02T09:53:50","slug":"ets-capac-de-canviar-les-barreres-me-les-poses-tu-a-laparador-de-lespai-eat-art-de-banyoles","status":"publish","type":"post","link":"http:\/\/fundaciolluiscoromina.org\/index.php\/2020\/12\/02\/ets-capac-de-canviar-les-barreres-me-les-poses-tu-a-laparador-de-lespai-eat-art-de-banyoles\/","title":{"rendered":"\u2018Ets capa\u00e7 de canviar? Les barreres me les poses tu\u2019, a l\u2019aparador de l\u2019Espai Eat Art de Banyoles"},"content":{"rendered":"<p>Amb motiu del Dia Internacional de les persones amb discapacitat, l\u2019Espai Eat Art acull l\u2019exposici\u00f3 <em>Ets capa\u00e7 de canviar? Les barreres me les poses tu<\/em>, que mostra com les barreres f\u00edsiques de l\u2019entorn i l\u2019actitud de la ciutadania en general fan que les persones amb discapacitat no puguin tenir una vida normalitzada. La instal\u00b7laci\u00f3, que es podr\u00e0 visitar fins al 18 de gener als aparadors de l\u2019Espai Eat Art, s\u2019inaugurar\u00e0 el dijous 3 de desembre a les 13 h a la pla\u00e7a Major de Banyoles, un acte que comptar\u00e0 amb la pres\u00e8ncia de Mariona Griv\u00e9, coordinadora de l&#8217;Equip de Serveis i Programes Comunitaris de l&#8217;\u00c0rea de Benestar Social del Consell Comarcal del Pla de l&#8217;Estany; Ros\u00f3 Altaba, de l&#8217;Associaci\u00f3 Fam\u00edlies Presents, i Daniel Fuentes, coordinador de la Fundaci\u00f3 Llu\u00eds Coromina.<\/p>\n<p>La mostra <em>Ets capa\u00e7 de canviar? Les barreres me les poses tu<\/em> s&#8217;inclou dins la campanya amb el mateix nom organitzada per la Taula de la Discapacitat del Pla de l\u2019Estany durant tot el mes de desembre. L\u2019objectiu d\u2019aquesta campanya \u00e9s esborrar les barreres que dificulten la vida de les persones amb discapacitat, promoure el canvi d\u2019actitud en la ciutadania i fer pal\u00e8s que les persones amb diversitat funcional poden tenir una forma de viure normalitzada si disposen dels suports necessaris i gaudeixen d\u2019un entorn amable.<\/p>\n<p>A m\u00e9s d&#8217;aquesta acci\u00f3, a partir del 3 de desembre tamb\u00e9 s\u2019emetr\u00e0 a Banyoles TV el reportatge <em>Ets capa\u00e7 de canviar?,<\/em> realitzat a partir d\u2019entrevistes a persones de la comarca amb diferents tipus de discapacitat que denuncien les dificultats que es troben en el seu dia a dia.<\/p>\n<p>La Taula de la Discapacitat del Pla de l\u2019Estany formada per l&#8217;Associaci\u00f3 Junts i Endavant, l&#8217;Associaci\u00f3 Fam\u00edlies Presents, la Fundaci\u00f3 Estany, la Fundaci\u00f3 Autisme Mas Casadevall, l&#8217;Associaci\u00f3\u00a0MIFAS, el Centre El Puig, Gran\u00e9s Fundaci\u00f3, l&#8217;Equip d&#8217;Assessorament i Orientaci\u00f3 Psicopedag\u00f2gica (EAP) Pla de l&#8217;Estany i l&#8217;\u00e0rea de Benestar Social del Consell Comarcal del Pla de l&#8217;Estany.<\/p>\n","protected":false},"excerpt":{"rendered":"<p>Amb motiu del Dia Internacional de les persones amb discapacitat, l\u2019Espai Eat Art acull l\u2019exposici\u00f3 Ets capa\u00e7 de canviar? Les &#8230;<\/p>\n","protected":false},"author":2,"featured_media":4910,"comment_status":"open","ping_status":"open","sticky":false,"template":"","format":"standard","meta":{"footnotes":""},"categories":[15,10,17],"tags":[256,257,258],"class_list":["post-4908","post","type-post","status-publish","format-standard","has-post-thumbnail","hentry","category-accions-socials","category-activitats","category-exposicions-espai-eat-art","tag-accio-social","tag-discapacitat","tag-families"],"_links":{"self":[{"href":"http:\/\/fundaciolluiscoromina.org\/index.php\/wp-json\/wp\/v2\/posts\/4908","targetHints":{"allow":["GET"]}}],"collection":[{"href":"http:\/\/fundaciolluiscoromina.org\/index.php\/wp-json\/wp\/v2\/posts"}],"about":[{"href":"http:\/\/fundaciolluiscoromina.org\/index.php\/wp-json\/wp\/v2\/types\/post"}],"author":[{"embeddable":true,"href":"http:\/\/fundaciolluiscoromina.org\/index.php\/wp-json\/wp\/v2\/users\/2"}],"replies":[{"embeddable":true,"href":"http:\/\/fundaciolluiscoromina.org\/index.php\/wp-json\/wp\/v2\/comments?post=4908"}],"version-history":[{"count":0,"href":"http:\/\/fundaciolluiscoromina.org\/index.php\/wp-json\/wp\/v2\/posts\/4908\/revisions"}],"wp:attachment":[{"href":"http:\/\/fundaciolluiscoromina.org\/index.php\/wp-json\/wp\/v2\/media?parent=4908"}],"wp:term":[{"taxonomy":"category","embeddable":true,"href":"http:\/\/fundaciolluiscoromina.org\/index.php\/wp-json\/wp\/v2\/categories?post=4908"},{"taxonomy":"post_tag","embeddable":true,"href":"http:\/\/fundaciolluiscoromina.org\/index.php\/wp-json\/wp\/v2\/tags?post=4908"}],"curies":[{"name":"wp","href":"https:\/\/api.w.org\/{rel}","templated":true}]}}