{"id":4914,"date":"2020-12-04T09:55:13","date_gmt":"2020-12-04T08:55:13","guid":{"rendered":"http:\/\/www.fundaciolluiscoromina.org\/?p=4914"},"modified":"2020-12-04T09:55:13","modified_gmt":"2020-12-04T08:55:13","slug":"la-fundacio-lluis-coromina-collabora-en-la-campanya-de-mecenatge-del-llibre-pandemia-miradas-de-una-tragedia","status":"publish","type":"post","link":"http:\/\/fundaciolluiscoromina.org\/index.php\/2020\/12\/04\/la-fundacio-lluis-coromina-collabora-en-la-campanya-de-mecenatge-del-llibre-pandemia-miradas-de-una-tragedia\/","title":{"rendered":"La Fundaci\u00f3 Llu\u00eds Coromina col\u00b7labora en la campanya de mecenatge del llibre &#8216;Pandemia. Miradas de una tragedia&#8217;"},"content":{"rendered":"<p>L\u2019editorial Blume impulsa la campanya de mecenatge del llibre <em>Pandemia. Miradas de una tragedia<\/em>, una publicaci\u00f3 en qu\u00e8 26 fot\u00f2grafs llatinoamericans i espanyols ofereixen de manera altruista la seva visi\u00f3 de la Covid-19. La Fundaci\u00f3 Llu\u00eds Coromina col\u00b7labora amb aquesta campanya solid\u00e0ria que s\u2019ha dut a terme amb l\u2019objectiu d\u2019ajudar els familiars dels fot\u00f2grafs i fot\u00f2grafes que han perdut la vida mentre realitzaven la cobertura informativa de la pand\u00e8mia en diferents pa\u00efsos del m\u00f3n.<\/p>\n<p style=\"text-align: left;\">Pandemia. Miradas de una tragedia \u00e9s una mem\u00f2ria visual sobre la major cat\u00e0strofe que ha assolat el m\u00f3n en el segle XXI. Les 13 fot\u00f2grafes i 13 fot\u00f2grafs professionals i de\u00a0refer\u00e8ncia a nivell mundial\u00a0en el camp de la fotografia que s\u2019han unit en aquest projecte humanitari s\u00f3n: Rodrigo Abd\u00a0(Argentina),\u00a0Carmenchu Aleman\u00a0(Espanya),\u00a0Guillermo Arias\u00a0(M\u00e8xic),\u00a0\u00d3scar B. Castillo\u00a0(Vene\u00e7uela),\u00a0Andoni Lubaki\u00a0(Espanya),\u00a0Isabel Mu\u00f1oz\u00a0(Espanya),\u00a0Sandra Balsells\u00a0(Espanya),\u00a0Felipe Dana\u00a0(Brasil),\u00a0Fabiola Ferrero\u00a0(Vene\u00e7uela),\u00a0Cristina Garc\u00eda Rodero\u00a0(Espanya),\u00a0Ricardo Garc\u00eda Vilanova\u00a0(Espanya),\u00a0Diego Ibarra S\u00e1nchez\u00a0(Espanya), Darcy Padilla\u00a0(Estats Units),\u00a0Pablo Piovano\u00a0(Argentina),\u00a0Juan Manuel Castro Prieto\u00a0(Espanya),\u00a0Anita Pouchard Serra\u00a0(Argentina),\u00a0Mois\u00e9s Saman\u00a0(Per\u00fa),\u00a0Gervasio S\u00e1nchez\u00a0(Espanya),\u00a0Sylvia Izquierdo\u00a0(Per\u00fa),\u00a0Laura Le\u00f3n G\u00f3mez\u00a0(Espanya),\u00a0Nuria L\u00f3pez Torres\u00a0(Espanya),\u00a0Jacky Muniello\u00a0(M\u00e8xic),\u00a0Santi Palacios\u00a0(Espanya),\u00a0V\u00edctor Pe\u00f1a\u00a0(El Salvador),\u00a0Lorena Velasco\u00a0(Col\u00f2mbia),\u00a0Susana Vera\u00a0(Espanya) i Miguel R\u00edo Branco\u00a0(Brasil).<\/p>\n<p>La campanya de mecenatge del llibre <em>Pandemia. Miradas de una tragedia<\/em>, publicaci\u00f3 que recull diverses imatges d\u2019aquest 2020 en 304 p\u00e0gines a color, va comen\u00e7ar el passat 21 de setembre i\u00a0 estar\u00e0 activa fins al pr\u00f2xim 21 de desembre. Qualsevol persona, entitat o col\u00b7lectiu pot col\u00b7laborar en la causa mitjan\u00e7ant l\u2019adquisici\u00f3 del llibre\u00a0<a href=\"https:\/\/blume.net\/fotografia\/1999-pandemia-miradas-de-una-tragedia.html\" target=\"_blank\" rel=\"noopener\">a trav\u00e9s d\u2019aquest enlla\u00e7.<\/a><\/p>\n<p><a href=\"https:\/\/blume.net\/fotografia\/1999-pandemia-miradas-de-una-tragedia.html\" target=\"_blank\" rel=\"noopener\"><img loading=\"lazy\" decoding=\"async\" class=\"alignnone wp-image-4915 size-medium\" src=\"http:\/\/www.fundaciolluiscoromina.org\/wp-content\/uploads\/2020\/12\/1_Portada_Pandemia_Miradas-de-una-tragediajpg-240x300.jpg\" alt=\"\" width=\"240\" height=\"300\" \/><\/a><\/p>\n","protected":false},"excerpt":{"rendered":"<p>L\u2019editorial Blume impulsa la campanya de mecenatge del llibre Pandemia. Miradas de una tragedia, una publicaci\u00f3 en qu\u00e8 26 fot\u00f2grafs &#8230;<\/p>\n","protected":false},"author":2,"featured_media":4916,"comment_status":"open","ping_status":"open","sticky":false,"template":"","format":"standard","meta":{"footnotes":""},"categories":[14,15,10,9,12],"tags":[],"class_list":["post-4914","post","type-post","status-publish","format-standard","has-post-thumbnail","hentry","category-accions-culturals","category-accions-socials","category-activitats","category-historic","category-publicacions"],"_links":{"self":[{"href":"http:\/\/fundaciolluiscoromina.org\/index.php\/wp-json\/wp\/v2\/posts\/4914","targetHints":{"allow":["GET"]}}],"collection":[{"href":"http:\/\/fundaciolluiscoromina.org\/index.php\/wp-json\/wp\/v2\/posts"}],"about":[{"href":"http:\/\/fundaciolluiscoromina.org\/index.php\/wp-json\/wp\/v2\/types\/post"}],"author":[{"embeddable":true,"href":"http:\/\/fundaciolluiscoromina.org\/index.php\/wp-json\/wp\/v2\/users\/2"}],"replies":[{"embeddable":true,"href":"http:\/\/fundaciolluiscoromina.org\/index.php\/wp-json\/wp\/v2\/comments?post=4914"}],"version-history":[{"count":0,"href":"http:\/\/fundaciolluiscoromina.org\/index.php\/wp-json\/wp\/v2\/posts\/4914\/revisions"}],"wp:attachment":[{"href":"http:\/\/fundaciolluiscoromina.org\/index.php\/wp-json\/wp\/v2\/media?parent=4914"}],"wp:term":[{"taxonomy":"category","embeddable":true,"href":"http:\/\/fundaciolluiscoromina.org\/index.php\/wp-json\/wp\/v2\/categories?post=4914"},{"taxonomy":"post_tag","embeddable":true,"href":"http:\/\/fundaciolluiscoromina.org\/index.php\/wp-json\/wp\/v2\/tags?post=4914"}],"curies":[{"name":"wp","href":"https:\/\/api.w.org\/{rel}","templated":true}]}}