{"id":4950,"date":"2021-01-20T12:30:23","date_gmt":"2021-01-20T11:30:23","guid":{"rendered":"http:\/\/www.fundaciolluiscoromina.org\/?p=4950"},"modified":"2021-01-20T12:30:23","modified_gmt":"2021-01-20T11:30:23","slug":"becabertacasas","status":"publish","type":"post","link":"http:\/\/fundaciolluiscoromina.org\/index.php\/2021\/01\/20\/becabertacasas\/","title":{"rendered":"Primera convocat\u00f2ria de la Beca Berta Casas"},"content":{"rendered":"<p><a href=\"http:\/\/atriumartis.com\/wp-content\/uploads\/2021\/01\/BECA-BERTA-CASAS-5.pdf\" target=\"_blank\" rel=\"noopener\"><strong>[Termini de presentaci\u00f3 ampliat fins al 15 de febrer. Consulta les bases]<\/strong><\/a><\/p>\n<p>Dirigida a artistes contemporanis catalans o moviments i institucions catalanes amb seu a Catalunya, la primera convocat\u00f2ria de la Beca Berta Casas neix amb l&#8217;objectiu de promoure la recerca i la investigaci\u00f3 sobre l\u2019art contemporani, aix\u00ed com l\u2019exploraci\u00f3 cr\u00edtica de les seves metodologies i el foment de la documentaci\u00f3, la publicaci\u00f3 i la difusi\u00f3 de la investigaci\u00f3 art\u00edstica contempor\u00e0nia.<\/p>\n<p>Convocada per la Fundaci\u00f3 Atrium Artis i Bonart Cultural, amb la col\u00b7laboraci\u00f3 de la Fundaci\u00f3 Llu\u00eds Coromina i el Grup Excursionista i Esportiu Giron\u00ed\u00a0 (GEiEG), la creaci\u00f3 d\u2019aquesta beca vol fer entendre la pr\u00e0ctica art\u00edstica com a generadora i motor de coneixement. La dotaci\u00f3 ec\u00f2nomica d\u2019aquesta primera convocat\u00f2ria \u00e9s de 2.000 \u20ac, a la qual podran optar-hi artistes, historiadors, cr\u00edtics d\u2019art i altres professionals del sector cultural que realitzin tasques de recerca i investigaci\u00f3 sobre l\u2019art contemporani i el seu entorn. <strong>El termini de presentaci\u00f3 de sol\u00b7licituds s&#8217;ha ampliat fins al 15 de debrer<\/strong>\u00a0i els\u00a0projectes que s&#8217;hi presentin poden ser de nova creaci\u00f3 o poden estar en proc\u00e9s de realitzaci\u00f3.<\/p>\n<p>El jurat de la primera edici\u00f3 estar\u00e0 format per Montse Badia, cr\u00edtica d\u2019art i directora art\u00edstica de la col\u00b7lecci\u00f3 d\u2019art contemporani Cal Cego; Carme Clusellas, directora del Museu d\u2019Art de Girona; Ricard Planas, editor de Bonart Cultural i director de la Fundaci\u00f3 Llu\u00eds Coromina, i Guillem Bou, membre i secretari del Patronat de la Fundaci\u00f3 Atrium Artis.<\/p>\n<p>Les bases es poden consultar <a href=\"http:\/\/atriumartis.com\/es-convoca-la-1a-edicio-de-la-beca-berta-casas-a-la-recerca-sobre-art-contemporani\/\" target=\"_blank\" rel=\"noopener\">en aquest enlla\u00e7<\/a>.<\/p>\n<p>&nbsp;<\/p>\n","protected":false},"excerpt":{"rendered":"<p>[Termini de presentaci\u00f3 ampliat fins al 15 de febrer. Consulta les bases] Dirigida a artistes contemporanis catalans o moviments i &#8230;<\/p>\n","protected":false},"author":2,"featured_media":4878,"comment_status":"open","ping_status":"open","sticky":false,"template":"","format":"standard","meta":{"footnotes":""},"categories":[14,9,12],"tags":[],"class_list":["post-4950","post","type-post","status-publish","format-standard","has-post-thumbnail","hentry","category-accions-culturals","category-historic","category-publicacions"],"_links":{"self":[{"href":"http:\/\/fundaciolluiscoromina.org\/index.php\/wp-json\/wp\/v2\/posts\/4950","targetHints":{"allow":["GET"]}}],"collection":[{"href":"http:\/\/fundaciolluiscoromina.org\/index.php\/wp-json\/wp\/v2\/posts"}],"about":[{"href":"http:\/\/fundaciolluiscoromina.org\/index.php\/wp-json\/wp\/v2\/types\/post"}],"author":[{"embeddable":true,"href":"http:\/\/fundaciolluiscoromina.org\/index.php\/wp-json\/wp\/v2\/users\/2"}],"replies":[{"embeddable":true,"href":"http:\/\/fundaciolluiscoromina.org\/index.php\/wp-json\/wp\/v2\/comments?post=4950"}],"version-history":[{"count":0,"href":"http:\/\/fundaciolluiscoromina.org\/index.php\/wp-json\/wp\/v2\/posts\/4950\/revisions"}],"wp:attachment":[{"href":"http:\/\/fundaciolluiscoromina.org\/index.php\/wp-json\/wp\/v2\/media?parent=4950"}],"wp:term":[{"taxonomy":"category","embeddable":true,"href":"http:\/\/fundaciolluiscoromina.org\/index.php\/wp-json\/wp\/v2\/categories?post=4950"},{"taxonomy":"post_tag","embeddable":true,"href":"http:\/\/fundaciolluiscoromina.org\/index.php\/wp-json\/wp\/v2\/tags?post=4950"}],"curies":[{"name":"wp","href":"https:\/\/api.w.org\/{rel}","templated":true}]}}