{"id":4975,"date":"2021-01-18T10:23:33","date_gmt":"2021-01-18T09:23:33","guid":{"rendered":"http:\/\/www.fundaciolluiscoromina.org\/?p=4975"},"modified":"2021-01-18T10:23:33","modified_gmt":"2021-01-18T09:23:33","slug":"josep-santacreu-reconegut-per-la-seva-trajectoria-en-la-cinquena-edicio-dels-premis-respon-cat","status":"publish","type":"post","link":"http:\/\/fundaciolluiscoromina.org\/index.php\/2021\/01\/18\/josep-santacreu-reconegut-per-la-seva-trajectoria-en-la-cinquena-edicio-dels-premis-respon-cat\/","title":{"rendered":"Josep Santacreu, reconegut per la seva traject\u00f2ria en la cinquena edici\u00f3 dels Premis Respon.cat"},"content":{"rendered":"<p>La Fundaci\u00f3 Llu\u00eds Coromina ha col\u00b7laborat en nombroses ocasions amb el Dr. Josep Santacreu i Bonjoch, directiu empresarial catal\u00e0 i CEO del grup d\u2019assegurances DKV, que ha estat reconegut per la seva traject\u00f2ria personal i professional en la cinquena edici\u00f3 dels Premis de Responsabilitat Social Empresarial (RSE) a Catalunya de l\u2019organisme empresarial <a href=\"https:\/\/www.respon.cat\/\">Respon.cat<\/a>.<\/p>\n<p>Entre altres projectes, Josep Santacreu col\u00b7labora amb la Fundaci\u00f3 Llu\u00eds Coromina com a president de l\u2019organitzaci\u00f3 <a href=\"https:\/\/www.plant-for-the-planet.org\/es\/inicio\" target=\"_blank\" rel=\"noopener\">Plant for the Planet<\/a> a Espanya i com a membre del consell d\u2019assessors de l\u2019organitzaci\u00f3 <a href=\"https:\/\/nascoict.org\/\" target=\"_blank\" rel=\"noopener\">NASCO Feeding Minds<\/a>, ambdues amb seu al coworking de l\u2019Espai Isern Dalmau de Barcelona.<\/p>\n<p>Els Premis Respon.cat han atorgat per tercer any consecutiu aquest premi a la\u00a0traject\u00f2ria personal\u00a0i el comprom\u00eds amb la responsabilitat\u00a0social a Catalunya. En aquesta cinquena edici\u00f3, aquest guard\u00f3 i reconeixement ha estat per <strong>Josep Santacreu<\/strong>, conseller delegat de DKV Assegurances, que ha estat un important activista i impulsor de la Responsabilitat Social Corporativa (RSC) i que ha demostrat que \u00e9s possible compaginar la tasca directiva amb l\u2019emprenedoria social empresarial. Santacreu va impulsar fa anys la creaci\u00f3 de l\u2019organisme Respon.cat i actualment n\u2019\u00e9s el president d\u2019honor.<\/p>\n<p><strong>La traject\u00f2ria de Josep Santacreu i Bonjoch<\/strong><\/p>\n<p>Nascut a Guissona el 1958, Josep Santacreu \u00e9s un reconegut directiu empresarial catal\u00e0 que l\u2019any 2016 va rebre la\u00a0Creu de Sant Jordi\u00a0per ser un dels impulsors a Catalunya del concepte de responsabilitat social empresarial (RSE) i per la seva tasca directiva en organitzacions socials, sanit\u00e0ries i econ\u00f2miques. Tamb\u00e9 ha col\u00b7laborat amb entitats i impulsat iniciatives en els \u00e0mbits de l&#8217;esport, la cultura, l&#8217;acci\u00f3 social i el medi ambient. \u00c9s conseller delegat del grup d&#8217;assegurances\u00a0DKV\u00a0i president de la Fundaci\u00f3 DKV Integralia. Va ser un dels fundadors a Espanya de Metges sense Fronteres, i tamb\u00e9 ha promogut l&#8217;associaci\u00f3 empresarial Respon.cat.<\/p>\n<p>Santacreu \u00e9s president de la Fundaci\u00f3 Ship2B d&#8217;emprenedoria i inversi\u00f3 d&#8217;impacte social, patr\u00f3 fundador de la Fundaci\u00f3\u00a0Plant for the Planet\u00a0a Espanya, membre del Ple de la\u00a0Cambra de Comer\u00e7 de Barcelona, vicepresident de l&#8217;Associaci\u00f3 d&#8217;Antics Alumnes d&#8217;ESADE i patr\u00f3 de la\u00a0Fundaci\u00f3 Esclerosi M\u00faltiple, entre d\u2019altres. En l&#8217;\u00e0mbit de la cultura ha treballat per garantir la preservaci\u00f3 del\u00a0Fons KATI, una biblioteca de manuscrits creada a Tombuct\u00fa per Ismael Diadi\u00e9.<\/p>\n<p>&nbsp;<\/p>\n","protected":false},"excerpt":{"rendered":"<p>La Fundaci\u00f3 Llu\u00eds Coromina ha col\u00b7laborat en nombroses ocasions amb el Dr. Josep Santacreu i Bonjoch, directiu empresarial catal\u00e0 i &#8230;<\/p>\n","protected":false},"author":2,"featured_media":4976,"comment_status":"open","ping_status":"open","sticky":false,"template":"","format":"standard","meta":{"footnotes":""},"categories":[9,12],"tags":[],"class_list":["post-4975","post","type-post","status-publish","format-standard","has-post-thumbnail","hentry","category-historic","category-publicacions"],"_links":{"self":[{"href":"http:\/\/fundaciolluiscoromina.org\/index.php\/wp-json\/wp\/v2\/posts\/4975","targetHints":{"allow":["GET"]}}],"collection":[{"href":"http:\/\/fundaciolluiscoromina.org\/index.php\/wp-json\/wp\/v2\/posts"}],"about":[{"href":"http:\/\/fundaciolluiscoromina.org\/index.php\/wp-json\/wp\/v2\/types\/post"}],"author":[{"embeddable":true,"href":"http:\/\/fundaciolluiscoromina.org\/index.php\/wp-json\/wp\/v2\/users\/2"}],"replies":[{"embeddable":true,"href":"http:\/\/fundaciolluiscoromina.org\/index.php\/wp-json\/wp\/v2\/comments?post=4975"}],"version-history":[{"count":0,"href":"http:\/\/fundaciolluiscoromina.org\/index.php\/wp-json\/wp\/v2\/posts\/4975\/revisions"}],"wp:attachment":[{"href":"http:\/\/fundaciolluiscoromina.org\/index.php\/wp-json\/wp\/v2\/media?parent=4975"}],"wp:term":[{"taxonomy":"category","embeddable":true,"href":"http:\/\/fundaciolluiscoromina.org\/index.php\/wp-json\/wp\/v2\/categories?post=4975"},{"taxonomy":"post_tag","embeddable":true,"href":"http:\/\/fundaciolluiscoromina.org\/index.php\/wp-json\/wp\/v2\/tags?post=4975"}],"curies":[{"name":"wp","href":"https:\/\/api.w.org\/{rel}","templated":true}]}}