{"id":4982,"date":"2021-01-21T13:25:27","date_gmt":"2021-01-21T12:25:27","guid":{"rendered":"http:\/\/www.fundaciolluiscoromina.org\/?p=4982"},"modified":"2021-01-21T13:25:27","modified_gmt":"2021-01-21T12:25:27","slug":"el-grup-agrienergia-rep-el-premi-empresa-cultura-de-la-fundacio-catalunya-cultura","status":"publish","type":"post","link":"http:\/\/fundaciolluiscoromina.org\/index.php\/2021\/01\/21\/el-grup-agrienergia-rep-el-premi-empresa-cultura-de-la-fundacio-catalunya-cultura\/","title":{"rendered":"El Grup AgriEnergia rep el Premi EMPRESA CULTURA de la Fundaci\u00f3 Catalunya Cultura"},"content":{"rendered":"<p>El<a href=\"http:\/\/grupagrienergia.com\/el-grup\/\" target=\"_blank\" rel=\"noopener\"> Grup AgriEnergia<\/a>, impulsor de la Fundaci\u00f3 Llu\u00eds Coromina, ha rebut el Premi EMPRESA CULTURA, concedit per la Fundaci\u00f3 Catalunya Cultura. Aquest premi s\u2019atorga per primera vegada amb l\u2019objectiu de visibilitzar empreses vinculades al m\u00f3n cultural del pa\u00eds i amb un comprom\u00eds social i cultural que generin impacte al territori.<\/p>\n<p>Operatiu des del 1897, el Grup AgriEnergia \u00e9s un conjunt d\u2019empreses amb seu a Banyoles que actua arreu de Catalunya, amb especial \u00e8mfasi a les comarques gironines. El seu \u00e0mbit de treball abra\u00e7a diversos sectors estrat\u00e8gics de l\u2019economia i de l\u2019\u00e0mbit social, cultural i mediambiental. Gr\u00e0cies a l\u2019activitat cultural i social promoguda des de la Fundaci\u00f3 Llu\u00eds Coromina, el Grup AgriEnergia ha estat valorat pel jurat del premi pel seu abast territorial i per la seva contribuci\u00f3 a promoure iniciatives\u00a0en pro de la cultura, m\u00e9s enll\u00e0 del seu objectiu empresarial.<\/p>\n<p>Aix\u00ed doncs, l\u2019empresa banyolina ha estat guardonada i reconeguda amb el Premi EMPRESA CULTURA gr\u00e0cies al seu impacte social i a la seva aportaci\u00f3 decidida i innovadora al m\u00f3n de la cultura. El jurat que ha atorgat el premi est\u00e0 compost per membres dels dos \u00f2rgans de govern de la Fundaci\u00f3 Catalunya Cultura: el consell de mecenatge, amb el Sr. Gabriel Mariscal de Llet Nostra i la Sra. Sofia Lluch de Lluch Essence, i el patronat de la fundaci\u00f3, amb el Sr. Patrici Tixis del Grup Planeta, el Sr. Pepe Ballester de BBVAi la Sra. S\u00edlvia Mart\u00ed de Moventia, que ha actuat com a presidenta.<\/p>\n<p>Amb aquest reconeixement al Grup AgriEnergia, la Fundaci\u00f3 Catalunya Cultura vol agrair al m\u00f3n empresarial la seva contribuci\u00f3 a la cultura, un sector imprescindible que actualment est\u00e0 patint un moment molt complicat pel context de la crisi sanit\u00e0ria.<\/p>\n<p><a href=\"http:\/\/www.fundaciolluiscoromina.org\/wp-content\/uploads\/2021\/01\/IMG-20210204-WA0002.jpg\"><img loading=\"lazy\" decoding=\"async\" class=\"alignnone size-medium wp-image-5021\" src=\"http:\/\/www.fundaciolluiscoromina.org\/wp-content\/uploads\/2021\/01\/IMG-20210204-WA0002-300x200.jpg\" alt=\"\" width=\"300\" height=\"200\" \/><\/a><\/p>\n<p>&nbsp;<\/p>\n<p><strong>El Segell d\u2019Empresa o Entitat Compromesa amb la Cultura<\/strong><\/p>\n<p>Amb la mateixa voluntat de recon\u00e8ixer les empreses que donen suport a la cultura, i en col\u00b7laboraci\u00f3 amb la C\u00e0tedra de Responsabilitat Social Universit\u00e0ria de la Universitat de Girona, des de la Fundaci\u00f3 Catalunya Cultura neix el Segell d\u2019Empresa o Entitat Compromesa amb la Cultura.<\/p>\n<p>Aquest Segell es tracta d\u2019un pioner distintiu que avala el lideratge, l\u2019excel\u00b7l\u00e8ncia i el comprom\u00eds de la les empreses o entitats amb la cultura. Amb l\u2019objectiu de visibilitzar i recon\u00e8ixer diversos aspectes de les empreses i entitats com les bones pr\u00e0ctiques, el suport al m\u00f3n cultural o l\u2019acci\u00f3 transformadora amb impacte social, entre d\u2019altres, el Segell s\u2019atorga a partir d\u2019uns criteris de valoraci\u00f3 que ha elaborat la C\u00e0tedra de Responsabilitat Social de la Universitat de Girona i compta amb una comissi\u00f3 d\u2019avaluaci\u00f3 de prestigi en el camp cultural, presidida pel Sr. Salvador Sunyer, fundador del festival Temporada Alta de Girona.<\/p>\n<p>A banda de rebre el Premi EMPRESA CULTURA, el Grup AgriEnergia tamb\u00e9 ha estat avalat amb aquest Segell.<\/p>\n<p><a href=\"http:\/\/www.fundaciolluiscoromina.org\/wp-content\/uploads\/2021\/01\/Segell.png\"><img loading=\"lazy\" decoding=\"async\" class=\"alignnone size-medium wp-image-4984\" src=\"http:\/\/www.fundaciolluiscoromina.org\/wp-content\/uploads\/2021\/01\/Segell-300x123.png\" alt=\"\" width=\"300\" height=\"123\" \/><\/a><\/p>\n<p>&nbsp;<\/p>\n<p><a href=\"http:\/\/grupagrienergia.com\/el-grup\/\" target=\"_blank\" rel=\"noopener\">Consulta aquest enlla\u00e7 per a m\u00e9s informaci\u00f3 del Grup AgriEnergia.<\/a><\/p>\n","protected":false},"excerpt":{"rendered":"<p>El Grup AgriEnergia, impulsor de la Fundaci\u00f3 Llu\u00eds Coromina, ha rebut el Premi EMPRESA CULTURA, concedit per la Fundaci\u00f3 Catalunya &#8230;<\/p>\n","protected":false},"author":2,"featured_media":4992,"comment_status":"open","ping_status":"open","sticky":false,"template":"","format":"standard","meta":{"footnotes":""},"categories":[14,9,12],"tags":[],"class_list":["post-4982","post","type-post","status-publish","format-standard","has-post-thumbnail","hentry","category-accions-culturals","category-historic","category-publicacions"],"_links":{"self":[{"href":"http:\/\/fundaciolluiscoromina.org\/index.php\/wp-json\/wp\/v2\/posts\/4982","targetHints":{"allow":["GET"]}}],"collection":[{"href":"http:\/\/fundaciolluiscoromina.org\/index.php\/wp-json\/wp\/v2\/posts"}],"about":[{"href":"http:\/\/fundaciolluiscoromina.org\/index.php\/wp-json\/wp\/v2\/types\/post"}],"author":[{"embeddable":true,"href":"http:\/\/fundaciolluiscoromina.org\/index.php\/wp-json\/wp\/v2\/users\/2"}],"replies":[{"embeddable":true,"href":"http:\/\/fundaciolluiscoromina.org\/index.php\/wp-json\/wp\/v2\/comments?post=4982"}],"version-history":[{"count":0,"href":"http:\/\/fundaciolluiscoromina.org\/index.php\/wp-json\/wp\/v2\/posts\/4982\/revisions"}],"wp:attachment":[{"href":"http:\/\/fundaciolluiscoromina.org\/index.php\/wp-json\/wp\/v2\/media?parent=4982"}],"wp:term":[{"taxonomy":"category","embeddable":true,"href":"http:\/\/fundaciolluiscoromina.org\/index.php\/wp-json\/wp\/v2\/categories?post=4982"},{"taxonomy":"post_tag","embeddable":true,"href":"http:\/\/fundaciolluiscoromina.org\/index.php\/wp-json\/wp\/v2\/tags?post=4982"}],"curies":[{"name":"wp","href":"https:\/\/api.w.org\/{rel}","templated":true}]}}