{"id":4998,"date":"2021-01-27T12:36:53","date_gmt":"2021-01-27T11:36:53","guid":{"rendered":"http:\/\/www.fundaciolluiscoromina.org\/?p=4998"},"modified":"2021-01-27T12:36:53","modified_gmt":"2021-01-27T11:36:53","slug":"estrena-del-documental-maragall-i-la-lluna","status":"publish","type":"post","link":"http:\/\/fundaciolluiscoromina.org\/index.php\/2021\/01\/27\/estrena-del-documental-maragall-i-la-lluna\/","title":{"rendered":"Estrena del documental \u2018Maragall i la Lluna\u2019"},"content":{"rendered":"<p>El documental <em>Maragall i la Lluna <\/em>s&#8217;estrena el pr\u00f2xim divendres 29 de gener (20 h) a diverses sales de cinema de tot Catalunya. En col\u00b7laboraci\u00f3 amb aquesta presentaci\u00f3, i amb l&#8217;objectiu de complementar i ampliar el contingut de la producci\u00f3 audiovisual, la Fundaci\u00f3 Llu\u00eds Coromina prorroga l&#8217;exposici\u00f3\u00a0<em><a href=\"http:\/\/www.fundaciolluiscoromina.org\/lespai-isern-dalmau-acull-lexposicio-pasqual-maragall-mira-10-anys-despres\/\">Pasqual Maragall mira, 10 anys despr\u00e9s<\/a>\u00a0<\/em>de l&#8217;Espai Isern Dalmau\u00a0fins al dissabte 27 de febrer.<\/p>\n<p>Produ\u00eft per BNC Produccions i la Fundaci\u00f3 Catalunya Europa, el documental <em>Maragall i la Lluna<\/em> \u00e9s un retrat \u00edntim i colpidor de la traject\u00f2ria personal i pol\u00edtica de Pasqual Maragall. A trav\u00e9s de 54 testimonis que van con\u00e8ixer i intercanviar experi\u00e8ncies amb el pol\u00edtic catal\u00e0, el documental va molt m\u00e9s enll\u00e0 de la vida personal de Maragall i tamb\u00e9 permet entendre la transformaci\u00f3 de la ciutat de Barcelona i la situaci\u00f3 actual del pa\u00eds. El fil conductor de l\u2019audiovisual \u00e9s la veu narrativa de Lluna Pindado, una noia que va conviure amb Pasqual Maragall en la seva \u00e8poca d\u2019alcalde, quan es va instal\u00b7lar a casa seva per entrar en contacte amb el barri de Roquetes, al districte de Nou Barris. Vint-i-vinc anys despr\u00e9s d&#8217;aquest per\u00edode de conviv\u00e8ncia, la jove inicia una recerca que comen\u00e7a amb el record d\u2019aquells dies i que la porta a descobrir la vida i traject\u00f2ria d\u2019un pol\u00edtic singular i representatiu de la hist\u00f2ria de Catalunya.<\/p>\n<p>Dirigit per Josep M. Ma\u00f1\u00e9 i Francesca Catal\u00e0, el documental es va estrenar al BCN Film Fest el mes de juny de 2020 i a la Setmana Internacional de Cinema de Valladolid el mes d\u2019octubre. En la pel\u00b7l\u00edcula hi apareixen testimonis de personalitats reconegudes com Jordi Pujol, I\u00f1aki Gabilondo, Diana Garrigosa, Jos\u00e9 Montilla, Salvador Saquella o Artur Mas, entre d\u2019altres.<\/p>\n<p>La Fundaci\u00f3 Llu\u00eds Coromina ha volgut col\u00b7laborar amb l\u2019estrena del documental als cinemes i ha prorrogat l\u2019exposici\u00f3 <em>Pasqual Maragall mira, 10 anys despr\u00e9s<\/em> de l\u2019Espai Isern Dalmau fins a finals de febrer. D\u2019aquesta forma, els espectadors que ho desitgin podran ampliar el retrat de Maragall visitant la mostra de fotografies que l\u2019emblem\u00e0tic pol\u00edtic va realitzar amb el seu tel\u00e8fon m\u00f2bil entre els anys 2008 i 2010. Els horaris de visita de l\u2019exposici\u00f3 s\u00f3n de dimarts a divendres de 17 h a 20 h, i\u00a0dissabtes de 10 h a 13 h, amb aforament limitat.<\/p>\n<p><a href=\"http:\/\/www.fundaciolluiscoromina.org\/wp-content\/uploads\/2021\/01\/Maragall-i-la-Lluna.png\"><img loading=\"lazy\" decoding=\"async\" class=\"alignnone size-medium wp-image-4999\" src=\"http:\/\/www.fundaciolluiscoromina.org\/wp-content\/uploads\/2021\/01\/Maragall-i-la-Lluna-300x300.png\" alt=\"\" width=\"300\" height=\"300\" \/><\/a><\/p>\n<p><em>Consulta les sales de cinema on es projecta el documental &#8216;Maragall i la Lluna&#8217; <a href=\"https:\/\/twitter.com\/maragallilluna\">en aquest enlla\u00e7.<\/a><\/em><\/p>\n","protected":false},"excerpt":{"rendered":"<p>El documental Maragall i la Lluna s&#8217;estrena el pr\u00f2xim divendres 29 de gener (20 h) a diverses sales de cinema &#8230;<\/p>\n","protected":false},"author":2,"featured_media":5000,"comment_status":"open","ping_status":"open","sticky":false,"template":"","format":"standard","meta":{"footnotes":""},"categories":[14,15,10,228,9,12],"tags":[],"class_list":["post-4998","post","type-post","status-publish","format-standard","has-post-thumbnail","hentry","category-accions-culturals","category-accions-socials","category-activitats","category-exposicions-espai-isern-dalmau","category-historic","category-publicacions"],"_links":{"self":[{"href":"http:\/\/fundaciolluiscoromina.org\/index.php\/wp-json\/wp\/v2\/posts\/4998","targetHints":{"allow":["GET"]}}],"collection":[{"href":"http:\/\/fundaciolluiscoromina.org\/index.php\/wp-json\/wp\/v2\/posts"}],"about":[{"href":"http:\/\/fundaciolluiscoromina.org\/index.php\/wp-json\/wp\/v2\/types\/post"}],"author":[{"embeddable":true,"href":"http:\/\/fundaciolluiscoromina.org\/index.php\/wp-json\/wp\/v2\/users\/2"}],"replies":[{"embeddable":true,"href":"http:\/\/fundaciolluiscoromina.org\/index.php\/wp-json\/wp\/v2\/comments?post=4998"}],"version-history":[{"count":0,"href":"http:\/\/fundaciolluiscoromina.org\/index.php\/wp-json\/wp\/v2\/posts\/4998\/revisions"}],"wp:attachment":[{"href":"http:\/\/fundaciolluiscoromina.org\/index.php\/wp-json\/wp\/v2\/media?parent=4998"}],"wp:term":[{"taxonomy":"category","embeddable":true,"href":"http:\/\/fundaciolluiscoromina.org\/index.php\/wp-json\/wp\/v2\/categories?post=4998"},{"taxonomy":"post_tag","embeddable":true,"href":"http:\/\/fundaciolluiscoromina.org\/index.php\/wp-json\/wp\/v2\/tags?post=4998"}],"curies":[{"name":"wp","href":"https:\/\/api.w.org\/{rel}","templated":true}]}}