{"id":5018,"date":"2021-02-15T18:00:50","date_gmt":"2021-02-15T17:00:50","guid":{"rendered":"http:\/\/www.fundaciolluiscoromina.org\/?p=5018"},"modified":"2021-02-15T18:00:50","modified_gmt":"2021-02-15T17:00:50","slug":"lempresa-teisa-i-la-fundacio-lluis-coromina-donen-dos-autobusos-a-lassociacio-azahara","status":"publish","type":"post","link":"http:\/\/fundaciolluiscoromina.org\/index.php\/2021\/02\/15\/lempresa-teisa-i-la-fundacio-lluis-coromina-donen-dos-autobusos-a-lassociacio-azahara\/","title":{"rendered":"L&#8217;empresa TEISA i la Fundaci\u00f3 Llu\u00eds Coromina donen dos autobusos a l&#8217;associaci\u00f3 Azahara"},"content":{"rendered":"<p>L&#8217;empresa TEISA, en col\u00b7laboraci\u00f3 amb la Fundaci\u00f3 Llu\u00eds Coromina, ha cedit dos autobusos a l&#8217;associaci\u00f3 Azahara, l&#8217;organitzaci\u00f3 sense \u00e0nim de lucre que treballa pel foment de l\u2019emprenedoria social entre col\u00b7lectius d\u2019origen divers i per la cooperaci\u00f3 al desenvolupament al Nord del Marroc. Quan la crisi sanit\u00e0ria ho permeti, els dos vehicles s&#8217;enviaran al Marroc i es donaran a entitats locals per destinar-los al transport escolar.<\/p>\n<p>El divendres 12 de febrer es va organitzar una trobada en qu\u00e8 es va\u00a0posar de manifest el comprom\u00eds\u00a0de totes les parts implicades per fer possible diverses accions que afavoreixin l&#8217;intercanvi cultural i educatiu, tant a nivell local com internacional. Representants de l&#8217;empresa d&#8217;autobusos TEISA, la Fundaci\u00f3 Llu\u00eds Coromina, l&#8217;associaci\u00f3 Azahara i el C\u00f2nsol del Marroc a Girona van arribar a aquest primer acord de cessi\u00f3 de dos vehicles destinats a la millora del transport escolar al Marroc, i tamb\u00e9 van aprofitar la reuni\u00f3 per\u00a0visitar les instal\u00b7lacions de l&#8217;empresa catalana.<\/p>\n<p>L&#8217;associaci\u00f3 Azahara, que forma part del<em> coworking<\/em> de l&#8217;Espai Isern Dalmau de la Fundaci\u00f3 Llu\u00eds Coromina a Barcelona, ser\u00e0 l&#8217;encarregada de gestionar l&#8217;enviament dels dos autobusos i d&#8217;iniciar el projecte, sempre que la situaci\u00f3 excepcional causada per la Covid-19 ho faci possible.<\/p>\n","protected":false},"excerpt":{"rendered":"<p>L&#8217;empresa TEISA, en col\u00b7laboraci\u00f3 amb la Fundaci\u00f3 Llu\u00eds Coromina, ha cedit dos autobusos a l&#8217;associaci\u00f3 Azahara, l&#8217;organitzaci\u00f3 sense \u00e0nim de &#8230;<\/p>\n","protected":false},"author":2,"featured_media":5019,"comment_status":"open","ping_status":"open","sticky":false,"template":"","format":"standard","meta":{"footnotes":""},"categories":[14,15,11,9,12],"tags":[],"class_list":["post-5018","post","type-post","status-publish","format-standard","has-post-thumbnail","hentry","category-accions-culturals","category-accions-socials","category-educacio-2","category-historic","category-publicacions"],"_links":{"self":[{"href":"http:\/\/fundaciolluiscoromina.org\/index.php\/wp-json\/wp\/v2\/posts\/5018","targetHints":{"allow":["GET"]}}],"collection":[{"href":"http:\/\/fundaciolluiscoromina.org\/index.php\/wp-json\/wp\/v2\/posts"}],"about":[{"href":"http:\/\/fundaciolluiscoromina.org\/index.php\/wp-json\/wp\/v2\/types\/post"}],"author":[{"embeddable":true,"href":"http:\/\/fundaciolluiscoromina.org\/index.php\/wp-json\/wp\/v2\/users\/2"}],"replies":[{"embeddable":true,"href":"http:\/\/fundaciolluiscoromina.org\/index.php\/wp-json\/wp\/v2\/comments?post=5018"}],"version-history":[{"count":0,"href":"http:\/\/fundaciolluiscoromina.org\/index.php\/wp-json\/wp\/v2\/posts\/5018\/revisions"}],"wp:attachment":[{"href":"http:\/\/fundaciolluiscoromina.org\/index.php\/wp-json\/wp\/v2\/media?parent=5018"}],"wp:term":[{"taxonomy":"category","embeddable":true,"href":"http:\/\/fundaciolluiscoromina.org\/index.php\/wp-json\/wp\/v2\/categories?post=5018"},{"taxonomy":"post_tag","embeddable":true,"href":"http:\/\/fundaciolluiscoromina.org\/index.php\/wp-json\/wp\/v2\/tags?post=5018"}],"curies":[{"name":"wp","href":"https:\/\/api.w.org\/{rel}","templated":true}]}}