{"id":5023,"date":"2021-02-16T10:15:25","date_gmt":"2021-02-16T09:15:25","guid":{"rendered":"http:\/\/www.fundaciolluiscoromina.org\/?p=5023"},"modified":"2021-02-16T10:15:25","modified_gmt":"2021-02-16T09:15:25","slug":"la-fundacio-lluis-coromina-organitza-una-taula-rodona-en-el-marc-de-lexposicio-pasqual-maragall-mira-10-anys-despres","status":"publish","type":"post","link":"http:\/\/fundaciolluiscoromina.org\/index.php\/2021\/02\/16\/la-fundacio-lluis-coromina-organitza-una-taula-rodona-en-el-marc-de-lexposicio-pasqual-maragall-mira-10-anys-despres\/","title":{"rendered":"La Fundaci\u00f3 Llu\u00eds Coromina organitza una taula rodona en el marc de l\u2019exposici\u00f3 &#8216;Pasqual Maragall mira, 10 anys despr\u00e9s&#8217;"},"content":{"rendered":"<p>Amb la complicitat de la Fundaci\u00f3 Pasqual Maragall i la col\u00b7laboraci\u00f3 del festival internacional de cinema Brain Film Fest, la Fundaci\u00f3 Llu\u00eds Coromina organitza una taula rodona en el context de l\u2019exposici\u00f3 <em>Pasqual Maragall mira, 10 anys despr\u00e9s<\/em>. L\u2019activitat tindr\u00e0 lloc <strong>el dijous 25 de febrer a les 18:15 h<\/strong>\u00a0i es podr\u00e0 seguir en directe a trav\u00e9s del <a href=\"https:\/\/www.instagram.com\/fundaciolluiscoromina\/\">compte d\u2019Instagram @fundaciolluiscoromina.<\/a><\/p>\n<p>A partir de les imatges i fotografies recollides a l\u2019exposici\u00f3 <em>Pasqual Maragall mira, 10 anys despr\u00e9s<\/em>, la taula rodona girar\u00e0 entorn de la vida, la traject\u00f2ria professional i la mirada art\u00edstica de l\u2019emblem\u00e0tic pol\u00edtic. Tamb\u00e9 es parlar\u00e0 de la feina que es realitza des de la Fundaci\u00f3 Pasqual Maragall, que va n\u00e9ixer l&#8217;abril de 2008 i que s\u2019ha convertit en un organisme referent en la recerca i lluita contra l&#8217;Alzheimer.<\/p>\n<p>L&#8217;activitat, que es realitzar\u00e0 a l&#8217;Espai Isern Dalmau de Barcelona, estar\u00e0 moderada per l\u2019historiador de l\u2019art Bernat Puigdollers i comptar\u00e0 amb la participaci\u00f3 de Ricard Planas, comissari de l\u2019exposici\u00f3 i director de la Fundaci\u00f3 Llu\u00eds Coromina; Cristina Maragall, presidenta de la Fundaci\u00f3 Pasqual Maragall; Rafel Badia, fot\u00f2graf i comissari de l\u2019exposici\u00f3, i Caro Garc\u00eda, coordinadora de la publicaci\u00f3 del fotollibre<em> Pasqual Maragall mira<\/em>, editat per l\u2019editorial BLUME.<\/p>\n<p><a href=\"http:\/\/www.fundaciolluiscoromina.org\/wp-content\/uploads\/2021\/02\/foto-twitter.jpg\"><img loading=\"lazy\" decoding=\"async\" class=\"alignnone wp-image-5025\" src=\"http:\/\/www.fundaciolluiscoromina.org\/wp-content\/uploads\/2021\/02\/foto-twitter-1024x576.jpg\" alt=\"\" width=\"400\" height=\"225\" \/><\/a><\/p>\n<p>&nbsp;<\/p>\n<p><strong>Exposici\u00f3 <em>Pasqual Maragall Mira, 10 anys despr\u00e9s<\/em><\/strong><\/p>\n<p>L\u2019Espai Isern Dalmau de la Fundaci\u00f3 Llu\u00eds Coromina acull fins al 27 de febrer l\u2019exposici\u00f3\u00a0<em>Pasqual Maragall mira, 10 anys despr\u00e9s<\/em>, una mostra que recull diverses imatges que Pasqual Maragall va realitzar amb el seu tel\u00e8fon m\u00f2bil entre el 2008 i el 2010, i que donen lloc a un\u00a0<em>autoretrat<\/em>\u00a0sorprenent del reconegut pol\u00edtic. M\u00e9s enll\u00e0 de la mostra d\u2019imatges, el projecte tamb\u00e9 engloba la publicaci\u00f3 del fotollibre ideat per Caro Garc\u00eda,\u00a0<em>Pasqual Maragall mira<\/em>, el qual inclou gran part de les fotografies que es podran veure a l\u2019exposici\u00f3.\u00a0Els horaris de visita de l&#8217;Espai Isern Dalmau\u00a0 de Barcelona s\u00f3n de dimarts a divendres de 17 h a 20 h, i\u00a0dissabtes de 10 h a 13 h.<\/p>\n<p>&nbsp;<\/p>\n","protected":false},"excerpt":{"rendered":"<p>Amb la complicitat de la Fundaci\u00f3 Pasqual Maragall i la col\u00b7laboraci\u00f3 del festival internacional de cinema Brain Film Fest, la &#8230;<\/p>\n","protected":false},"author":2,"featured_media":4728,"comment_status":"open","ping_status":"open","sticky":false,"template":"","format":"standard","meta":{"footnotes":""},"categories":[14,15,10,228,9,12],"tags":[],"class_list":["post-5023","post","type-post","status-publish","format-standard","has-post-thumbnail","hentry","category-accions-culturals","category-accions-socials","category-activitats","category-exposicions-espai-isern-dalmau","category-historic","category-publicacions"],"_links":{"self":[{"href":"http:\/\/fundaciolluiscoromina.org\/index.php\/wp-json\/wp\/v2\/posts\/5023","targetHints":{"allow":["GET"]}}],"collection":[{"href":"http:\/\/fundaciolluiscoromina.org\/index.php\/wp-json\/wp\/v2\/posts"}],"about":[{"href":"http:\/\/fundaciolluiscoromina.org\/index.php\/wp-json\/wp\/v2\/types\/post"}],"author":[{"embeddable":true,"href":"http:\/\/fundaciolluiscoromina.org\/index.php\/wp-json\/wp\/v2\/users\/2"}],"replies":[{"embeddable":true,"href":"http:\/\/fundaciolluiscoromina.org\/index.php\/wp-json\/wp\/v2\/comments?post=5023"}],"version-history":[{"count":0,"href":"http:\/\/fundaciolluiscoromina.org\/index.php\/wp-json\/wp\/v2\/posts\/5023\/revisions"}],"wp:attachment":[{"href":"http:\/\/fundaciolluiscoromina.org\/index.php\/wp-json\/wp\/v2\/media?parent=5023"}],"wp:term":[{"taxonomy":"category","embeddable":true,"href":"http:\/\/fundaciolluiscoromina.org\/index.php\/wp-json\/wp\/v2\/categories?post=5023"},{"taxonomy":"post_tag","embeddable":true,"href":"http:\/\/fundaciolluiscoromina.org\/index.php\/wp-json\/wp\/v2\/tags?post=5023"}],"curies":[{"name":"wp","href":"https:\/\/api.w.org\/{rel}","templated":true}]}}