{"id":5054,"date":"2021-02-26T10:43:08","date_gmt":"2021-02-26T09:43:08","guid":{"rendered":"http:\/\/www.fundaciolluiscoromina.org\/?p=5054"},"modified":"2021-02-26T10:43:08","modified_gmt":"2021-02-26T09:43:08","slug":"la-fundacio-lluis-coromina-collabora-en-el-58e-concurs-internacional-de-dibuix-de-la-fundacio-ynglada-guillot","status":"publish","type":"post","link":"http:\/\/fundaciolluiscoromina.org\/index.php\/2021\/02\/26\/la-fundacio-lluis-coromina-collabora-en-el-58e-concurs-internacional-de-dibuix-de-la-fundacio-ynglada-guillot\/","title":{"rendered":"La Fundaci\u00f3 Llu\u00eds Coromina col\u00b7labora en el 58\u00e8 Concurs Internacional de Dibuix de la Fundaci\u00f3 Ynglada-Guillot"},"content":{"rendered":"<p>La Fundaci\u00f3 Ynglada-Guillot convoca el 58a edici\u00f3 del Concurs Internacional de Dibuix, amb la col\u00b7laboraci\u00f3 de la Fundaci\u00f3 Llu\u00eds Coromina i la Fundaci\u00f3 Vila Casas. La convocat\u00f2ria est\u00e0 oberta a artistes nacionals i internacionals i l\u2019entrega de les obres dels participants es realitzar\u00e0 entre el 3 i el 7 de maig de 2021. Les bases es poden consultar\u00a0<a href=\"https:\/\/www.racba.org\/ca\/upload\/eventos\/pdf\/ca\/triptic%20ynglada%202021%20CAT.pdf\" target=\"_blank\" rel=\"noopener\"><strong>en aquest enlla\u00e7<\/strong><\/a>.<\/p>\n<p>Un any m\u00e9s, la Fundaci\u00f3 Ynglada-Guillot obre el Concurs Internacional de Dibuix, amb un premi indivisible de 4.000\u20ac per l\u2019artista guanyador\/a. La Fundaci\u00f3 Llu\u00eds Coromina col\u00b7labora amb aquesta iniciativa i enguany cedir\u00e0 l\u2019Espai Isern Dalmau per realitzar l\u2019exposici\u00f3 de les obres seleccionades, que tindr\u00e0 lloc de l\u20191 de juliol a l\u201911 de setembre de 2021.<\/p>\n<p>Els artistes que participin al concurs poden presentar una o dues obres en blanc i negre. Els dibuixos dels concursants poden estar realitzats amb llapis, carbonet, tinta xinesa, estilogr\u00e0fica o tinta corrent, sempre amb exclusi\u00f3 de qualsevol coloraci\u00f3. L\u2019obra premiada passar\u00e0 a ser propietat de la Fundaci\u00f3 Ynglada-Guillot, que la destinar\u00e0 al museu de la Reial Acad\u00e8mia Catalana de Belles Arts de Sant Jordi.<\/p>\n<p>El jurat d\u2019aquesta 58a edici\u00f3 del concurs estar\u00e0 integrat per cinc persones: un membre de la Fundaci\u00f3 Ynglada-Guillot, que actuar\u00e0 com a president; un membre de cadascuna de les dues fundacions col\u00b7laboradores (Fundaci\u00f3 Llu\u00eds Coromina i Fundaci\u00f3 Vila Casas), i dos cr\u00edtics d\u2019art o acad\u00e8mics de belles arts.<\/p>\n<p><a href=\"http:\/\/www.fundaciolluiscoromina.org\/wp-content\/uploads\/2021\/02\/titol.jpg\"><img loading=\"lazy\" decoding=\"async\" class=\"alignnone size-medium wp-image-5055\" src=\"http:\/\/www.fundaciolluiscoromina.org\/wp-content\/uploads\/2021\/02\/titol-300x229.jpg\" alt=\"\" width=\"300\" height=\"229\" \/><\/a><\/p>\n<p><a href=\"https:\/\/www.racba.org\/ca\/upload\/eventos\/pdf\/ca\/triptic%20ynglada%202021%20CAT.pdf\" target=\"_blank\" rel=\"noopener\">Les bases del 58\u00e8 Concurs Internacional de Dibuix es poden consultar aqu\u00ed.<\/a><\/p>\n<p>&nbsp;<\/p>\n<p><strong>Fundaci\u00f3 Ynglada-Guillot<\/strong><\/p>\n<p>La Fundaci\u00f3 Ynglada-Guillot es va fundar l\u2019any 1959, seguint la voluntat de Pere Ynglada Sallent, vidu de la senyora Goergette Guillot Plinois. Actualment es troba ubicada a la seu de la Reial Acad\u00e8mia Catalana de Belles Arts de Sant Jordi, juntament amb la Fundaci\u00f3 G\u00fcell.<\/p>\n<p>El Concurs de Dibuix es va celebrar per primera vegada el mateix any 1959, i des de llavors s\u2019ha realitzat anualment. Fins l\u2019any 1984, l\u2019exposici\u00f3 de les obres seleccionades es realitzava al Palau de la Virreina i tots els dibuixos guanyadors van passar a formar part del Museu Nacional d\u2019Art de Catalunya. Despr\u00e9s de tres anys de conflictes interns a la fundaci\u00f3, l\u2019any 1989 la Reial Acad\u00e8mia Catalana de Belles Arts de Sant Jordi va acollir la Fundaci\u00f3 Ynglada-Guillot i va impulsar de nou el Concurs Internacional de Dibuix. Des de llavors, la convocat\u00f2ria d\u2019aquest premi s\u2019ha mantingut viva gr\u00e0cies a la col\u00b7laboraci\u00f3 d\u2019actors externs com la Fundaci\u00f3 \u201cLa Caixa\u201d, la Reial Acad\u00e8mia de Bones Lletres de Barcelona, el Departament de Cultura de la Generalitat de Catalunya, la Fundaci\u00f3 Vila Casas o la Fundaci\u00f3 Llu\u00eds Coromina.<\/p>\n","protected":false},"excerpt":{"rendered":"<p>La Fundaci\u00f3 Ynglada-Guillot convoca el 58a edici\u00f3 del Concurs Internacional de Dibuix, amb la col\u00b7laboraci\u00f3 de la Fundaci\u00f3 Llu\u00eds Coromina &#8230;<\/p>\n","protected":false},"author":2,"featured_media":5056,"comment_status":"open","ping_status":"open","sticky":false,"template":"","format":"standard","meta":{"footnotes":""},"categories":[10],"tags":[],"class_list":["post-5054","post","type-post","status-publish","format-standard","has-post-thumbnail","hentry","category-activitats"],"_links":{"self":[{"href":"http:\/\/fundaciolluiscoromina.org\/index.php\/wp-json\/wp\/v2\/posts\/5054","targetHints":{"allow":["GET"]}}],"collection":[{"href":"http:\/\/fundaciolluiscoromina.org\/index.php\/wp-json\/wp\/v2\/posts"}],"about":[{"href":"http:\/\/fundaciolluiscoromina.org\/index.php\/wp-json\/wp\/v2\/types\/post"}],"author":[{"embeddable":true,"href":"http:\/\/fundaciolluiscoromina.org\/index.php\/wp-json\/wp\/v2\/users\/2"}],"replies":[{"embeddable":true,"href":"http:\/\/fundaciolluiscoromina.org\/index.php\/wp-json\/wp\/v2\/comments?post=5054"}],"version-history":[{"count":0,"href":"http:\/\/fundaciolluiscoromina.org\/index.php\/wp-json\/wp\/v2\/posts\/5054\/revisions"}],"wp:attachment":[{"href":"http:\/\/fundaciolluiscoromina.org\/index.php\/wp-json\/wp\/v2\/media?parent=5054"}],"wp:term":[{"taxonomy":"category","embeddable":true,"href":"http:\/\/fundaciolluiscoromina.org\/index.php\/wp-json\/wp\/v2\/categories?post=5054"},{"taxonomy":"post_tag","embeddable":true,"href":"http:\/\/fundaciolluiscoromina.org\/index.php\/wp-json\/wp\/v2\/tags?post=5054"}],"curies":[{"name":"wp","href":"https:\/\/api.w.org\/{rel}","templated":true}]}}