{"id":5064,"date":"2021-03-01T12:36:13","date_gmt":"2021-03-01T11:36:13","guid":{"rendered":"http:\/\/www.fundaciolluiscoromina.org\/?p=5064"},"modified":"2021-03-01T12:36:13","modified_gmt":"2021-03-01T11:36:13","slug":"el-jazz-i-les-musiques-improvisades-tornen-a-lespai-eat-art-de-banyoles","status":"publish","type":"post","link":"http:\/\/fundaciolluiscoromina.org\/index.php\/2021\/03\/01\/el-jazz-i-les-musiques-improvisades-tornen-a-lespai-eat-art-de-banyoles\/","title":{"rendered":"El jazz i les m\u00fasiques improvisades tornen a l\u2019Espai Eat Art de Banyoles"},"content":{"rendered":"<p>La Fundaci\u00f3 Llu\u00eds Coromina presenta un cicle de tres concerts de jazz i m\u00fasiques improvisades a l\u2019Espai Eat Art de Banyoles, amb la col\u00b7laboraci\u00f3 del FEMJazz! El cicle comen\u00e7a el dijous 4 de mar\u00e7 (20 h) amb l\u2019actuaci\u00f3 del m\u00fasic experimental<strong> Pablo Rega<\/strong>, i seguir\u00e0 amb els directes dels saxofonistes <b>Albert Cirera<\/b>\u00a0(dijous 25 de mar\u00e7) i <strong>Don Malfon<\/strong> (divendres 16 d\u2019abril). L\u2019aforament \u00e9s limitat i les entrades per cada espectacle (8 \u20ac) es posaran a la venda el mateix dia, una hora abans de l\u2019inici de l\u2019actuaci\u00f3.<\/p>\n<p>&nbsp;<\/p>\n<p><strong>Pablo Rega | Dijous 4 de mar\u00e7 \u2013 20 h<\/strong><\/p>\n<p>M\u00fasic experimental, improvisador i artista sonor amb una llarga traject\u00f2ria, Pablo Rega \u00e9s un compositor de m\u00fasica i dissenyador de so en el m\u00f3n del cinema i el teatre. Ha estat director de les orquestres d\u2019improvisaci\u00f3 Banda d\u2019Improvisadors de Barcelona (BIB) i Orquesta de M\u00fasica Espont\u00e1nea de Galicia (OMEGA), i ha realitzat diverses instal\u00b7lacions d\u2019art sonor arreu del pa\u00eds. Les seves melodies s\u00f3n una reflexi\u00f3 sobre l\u2019espai, l\u2019error i el temps.<\/p>\n<p><a href=\"http:\/\/www.fundaciolluiscoromina.org\/wp-content\/uploads\/2021\/03\/IMG_3204-e1614596247257.jpg\"><img loading=\"lazy\" decoding=\"async\" class=\"alignnone size-medium wp-image-5065\" src=\"http:\/\/www.fundaciolluiscoromina.org\/wp-content\/uploads\/2021\/03\/IMG_3204-300x200.jpg\" alt=\"\" width=\"300\" height=\"200\" \/><\/a><\/p>\n<p>&nbsp;<\/p>\n<p><strong>Albert Cirera | Dijous 25 de mar\u00e7 \u2013 20 h<\/strong><\/p>\n<p>El m\u00fasic experimental i saxofonista Albert Cirera presenta<em> Cirerot<\/em>, el seu projecte personal basat en la recerca dels sons amagats del saxo i en la constant transformaci\u00f3 de l\u2019instrument. Cirerot \u00e9s un viatge musical fet purament de sons i vibracions, una<em> performance<\/em> que submergeix l\u2019espectador en un m\u00f3n de sonoritats abruptes, salvatges i colossals, a partir de diferents t\u00e8cniques que s\u2019allunyen dels convencionalismes. Despr\u00e9s d\u2019anys de formaci\u00f3 acad\u00e8mica entre la m\u00fasica cl\u00e0ssica i el jazz, Albert Cirera presenta el seu estil \u00fanic en aquesta mostra experimental nascuda del desaprenentatge i l\u2019experimentaci\u00f3 individual i col\u00b7lectiva.<\/p>\n<p><a href=\"http:\/\/www.fundaciolluiscoromina.org\/wp-content\/uploads\/2021\/03\/DSC_0040-e1614596609369.jpg\"><img loading=\"lazy\" decoding=\"async\" class=\"alignnone size-medium wp-image-5068\" src=\"http:\/\/www.fundaciolluiscoromina.org\/wp-content\/uploads\/2021\/03\/DSC_0040-e1614596609369-300x227.jpg\" alt=\"\" width=\"300\" height=\"227\" \/><\/a><\/p>\n<p>&nbsp;<\/p>\n<p>&nbsp;<\/p>\n<p><strong>Don Malfon | Divendres 16 d\u2019abril \u2013 20 h<\/strong><\/p>\n<p><span style=\"color: #ff0000;\"><strong>CANCEL\u00b7LAT<\/strong> per\u00a0motius de salut de l&#8217;artista. Properament s&#8217;anunciar\u00e0 la nova data.<\/span><br \/>\nEl saxofonista Alfonso Mu\u00f1oz (Don Malfon) \u00e9s un dels m\u00fasics catalans m\u00e9s actius dins el m\u00f3n de la improvisaci\u00f3 lliure. Amb m\u00e9s de quaranta discs publicats, ha col\u00b7laborat amb m\u00fasics de renom com John Edward, Agust\u00ed Fern\u00e1ndez o Barry Guy, entre d\u2019altres. Despr\u00e9s de nombrosos concerts arreu d\u2019Europa i Sud-am\u00e8rica, arriba a Banyoles per presentar diverses improvisacions basades en el seu \u00faltim disc en solitari, <em>On Resonance<\/em>, un treball centrat en l\u2019exploraci\u00f3 sonora ac\u00fastica.<\/p>\n<p><a href=\"http:\/\/www.fundaciolluiscoromina.org\/wp-content\/uploads\/2021\/03\/Don-Malfon-1-e1614596473319.png\"><img loading=\"lazy\" decoding=\"async\" class=\"alignnone size-medium wp-image-5067\" src=\"http:\/\/www.fundaciolluiscoromina.org\/wp-content\/uploads\/2021\/03\/Don-Malfon-1-300x199.png\" alt=\"\" width=\"300\" height=\"199\" \/><\/a><\/p>\n","protected":false},"excerpt":{"rendered":"<p>La Fundaci\u00f3 Llu\u00eds Coromina presenta un cicle de tres concerts de jazz i m\u00fasiques improvisades a l\u2019Espai Eat Art de &#8230;<\/p>\n","protected":false},"author":2,"featured_media":5069,"comment_status":"open","ping_status":"open","sticky":false,"template":"","format":"standard","meta":{"footnotes":""},"categories":[14,15,10,17,9,12],"tags":[],"class_list":["post-5064","post","type-post","status-publish","format-standard","has-post-thumbnail","hentry","category-accions-culturals","category-accions-socials","category-activitats","category-exposicions-espai-eat-art","category-historic","category-publicacions"],"_links":{"self":[{"href":"http:\/\/fundaciolluiscoromina.org\/index.php\/wp-json\/wp\/v2\/posts\/5064","targetHints":{"allow":["GET"]}}],"collection":[{"href":"http:\/\/fundaciolluiscoromina.org\/index.php\/wp-json\/wp\/v2\/posts"}],"about":[{"href":"http:\/\/fundaciolluiscoromina.org\/index.php\/wp-json\/wp\/v2\/types\/post"}],"author":[{"embeddable":true,"href":"http:\/\/fundaciolluiscoromina.org\/index.php\/wp-json\/wp\/v2\/users\/2"}],"replies":[{"embeddable":true,"href":"http:\/\/fundaciolluiscoromina.org\/index.php\/wp-json\/wp\/v2\/comments?post=5064"}],"version-history":[{"count":0,"href":"http:\/\/fundaciolluiscoromina.org\/index.php\/wp-json\/wp\/v2\/posts\/5064\/revisions"}],"wp:attachment":[{"href":"http:\/\/fundaciolluiscoromina.org\/index.php\/wp-json\/wp\/v2\/media?parent=5064"}],"wp:term":[{"taxonomy":"category","embeddable":true,"href":"http:\/\/fundaciolluiscoromina.org\/index.php\/wp-json\/wp\/v2\/categories?post=5064"},{"taxonomy":"post_tag","embeddable":true,"href":"http:\/\/fundaciolluiscoromina.org\/index.php\/wp-json\/wp\/v2\/tags?post=5064"}],"curies":[{"name":"wp","href":"https:\/\/api.w.org\/{rel}","templated":true}]}}