{"id":5079,"date":"2021-03-02T11:09:55","date_gmt":"2021-03-02T10:09:55","guid":{"rendered":"http:\/\/www.fundaciolluiscoromina.org\/?p=5079"},"modified":"2021-03-02T11:09:55","modified_gmt":"2021-03-02T10:09:55","slug":"presentacio-del-llibre-paisatge-i-aigua-danna-bahi","status":"publish","type":"post","link":"http:\/\/fundaciolluiscoromina.org\/index.php\/2021\/03\/02\/presentacio-del-llibre-paisatge-i-aigua-danna-bahi\/","title":{"rendered":"Presentaci\u00f3 del llibre &#8216;Paisatge i aigua&#8217; d&#8217;Anna Bah\u00ed"},"content":{"rendered":"<p>L\u2019Ajuntament de Banyoles i MMV Edicions, amb el suport de la Fundaci\u00f3 Llu\u00eds Coromina, presenten el llibre <em>Paisatge i aigua. L\u2019art pict\u00f2ric al voltant de l\u2019estany de Banyoles<\/em>, d\u2019Anna Bah\u00ed. L\u2019acte tindr\u00e0 lloc el dissabte 6 de mar\u00e7 a les 12 del migdia a la sala d\u2019actes de l\u2019Ajuntament de Banyoles, i comptar\u00e0 amb l\u2019assit\u00e8ncia de l\u2019alcalde Miquel Noguer, el catedr\u00e0tic Joan Nogu\u00e9 i el cr\u00edtic d\u2019art i col\u00b7leccionista Jordi Gimferrer.<\/p>\n<p>L\u2019artista Anna Bah\u00ed presenta el llibre <em>Paisatge i Aigua. L\u2019art pict\u00f2ric al voltant de l\u2019estany de Banyoles<\/em>, on explica l\u2019\u00e8poca en qu\u00e8 els estanys, tant el de Banyoles com els d\u2019altres indrets d\u2019Europa, van ser motiu d\u2019inspiraci\u00f3 per a molts artistes catalans. A m\u00e9s, la publicaci\u00f3 tamb\u00e9 inclou una comparativa entre l\u2019art europeu i l\u2019art catal\u00e0 durant el segle XIX i part del segle XX, en la qual es fa refer\u00e8ncia als autors m\u00e9s destacats de l\u2019\u00e8poca i a les diveres obres en qu\u00e8 l\u2019estany de Banyoles ha estat representat pict\u00f2ricament.<\/p>\n<p>L\u2019acte de presentaci\u00f3, que es dur\u00e0 a terme el dissabte 6 de mar\u00e7, comptar\u00e0 tamb\u00e9 amb l&#8217;assist\u00e8ncia de diversos pintors i artistes de la comarca, amb la intenci\u00f3 de generar un col\u00b7loqui participatiu sobre l\u2019art pict\u00f2ric al voltant de l\u2019estany de Banyoles.<\/p>\n<p><a href=\"http:\/\/www.fundaciolluiscoromina.org\/wp-content\/uploads\/2021\/03\/Invitacio\u0301-Paisatge-i-aigua.jpg\"><img loading=\"lazy\" decoding=\"async\" class=\"alignnone wp-image-5082 size-full\" src=\"http:\/\/www.fundaciolluiscoromina.org\/wp-content\/uploads\/2021\/03\/Invitacio\u0301-Paisatge-i-aigua-e1614679699721.jpg\" alt=\"\" width=\"600\" height=\"395\" \/><\/a><\/p>\n","protected":false},"excerpt":{"rendered":"<p>L\u2019Ajuntament de Banyoles i MMV Edicions, amb el suport de la Fundaci\u00f3 Llu\u00eds Coromina, presenten el llibre Paisatge i aigua. &#8230;<\/p>\n","protected":false},"author":2,"featured_media":5080,"comment_status":"open","ping_status":"open","sticky":false,"template":"","format":"standard","meta":{"footnotes":""},"categories":[14,15,9,12],"tags":[],"class_list":["post-5079","post","type-post","status-publish","format-standard","has-post-thumbnail","hentry","category-accions-culturals","category-accions-socials","category-historic","category-publicacions"],"_links":{"self":[{"href":"http:\/\/fundaciolluiscoromina.org\/index.php\/wp-json\/wp\/v2\/posts\/5079","targetHints":{"allow":["GET"]}}],"collection":[{"href":"http:\/\/fundaciolluiscoromina.org\/index.php\/wp-json\/wp\/v2\/posts"}],"about":[{"href":"http:\/\/fundaciolluiscoromina.org\/index.php\/wp-json\/wp\/v2\/types\/post"}],"author":[{"embeddable":true,"href":"http:\/\/fundaciolluiscoromina.org\/index.php\/wp-json\/wp\/v2\/users\/2"}],"replies":[{"embeddable":true,"href":"http:\/\/fundaciolluiscoromina.org\/index.php\/wp-json\/wp\/v2\/comments?post=5079"}],"version-history":[{"count":0,"href":"http:\/\/fundaciolluiscoromina.org\/index.php\/wp-json\/wp\/v2\/posts\/5079\/revisions"}],"wp:attachment":[{"href":"http:\/\/fundaciolluiscoromina.org\/index.php\/wp-json\/wp\/v2\/media?parent=5079"}],"wp:term":[{"taxonomy":"category","embeddable":true,"href":"http:\/\/fundaciolluiscoromina.org\/index.php\/wp-json\/wp\/v2\/categories?post=5079"},{"taxonomy":"post_tag","embeddable":true,"href":"http:\/\/fundaciolluiscoromina.org\/index.php\/wp-json\/wp\/v2\/tags?post=5079"}],"curies":[{"name":"wp","href":"https:\/\/api.w.org\/{rel}","templated":true}]}}