{"id":5086,"date":"2021-03-03T10:48:12","date_gmt":"2021-03-03T09:48:12","guid":{"rendered":"http:\/\/www.fundaciolluiscoromina.org\/?p=5086"},"modified":"2021-03-03T10:48:12","modified_gmt":"2021-03-03T09:48:12","slug":"guanyadorbecabertacasas","status":"publish","type":"post","link":"http:\/\/fundaciolluiscoromina.org\/index.php\/2021\/03\/03\/guanyadorbecabertacasas\/","title":{"rendered":"Daniel Gasol, guanyador de la primera convocat\u00f2ria de la Beca Berta Casas"},"content":{"rendered":"<p>L\u2019artista i investigador Daniel Gasol ha estat el guanyador de la primera convocat\u00f2ria de la Beca Berta Casas, impulsada per la Fundaci\u00f3 Atrium Artis i bonart cultural, amb la col\u00b7laboraci\u00f3 de la Fundaci\u00f3 Llu\u00eds Coromina i del Grup Excursionista i Esportiu Giron\u00ed (GEiEG). El projecte becat es titula <em>V\u00eddeo Nou: mediaci\u00f3 art\u00edstica durant el post-franquisme<\/em> i gira entorn de la recerca i investigaci\u00f3 del col\u00b7lectiu V\u00eddeo Nou, un grup d\u2019artistes multidisciplinars nascut a Barcelona a finals dels anys 70.<\/p>\n<p>Doctor per la Universitat de Barcelona des del 2015, el treball art\u00edstic de Daniel Gasol es centra en q\u00fcestionar discursos dominants sobre temes com la identitat, el treball, la classe social o el consum, entre d\u2019altres. Amb el projecte <em>V\u00eddeo Nou: mediaci\u00f3 art\u00edstica durant el post-franquisme<\/em>, Gasol proposa realitzar un estudi divulgatiu sobre el col\u00b7lectiu V\u00eddeo Nou, un grup d\u2019artistes nascut a partir de les Jornades de V\u00eddeo organitzades per la C\u00e1mara Argentina de la Industria Cinematogr\u00e1fica (CAIC) a la Fundaci\u00f3 Mir\u00f3 de Barcelona, l\u2019any 1979. El grup V\u00eddeo Nou, format per un ampli espectre d\u2019artistes de diversos \u00e0mbits (periodisme, sociologia, art, disseny, arquitectura o doc\u00e8ncia, entre d\u2019altres), va treballar des del v\u00eddeo ent\u00e8s com un medi de comunicaci\u00f3 horitzontal, transparent, multidireccional i participatiu, q\u00fcestionant els relats informatius hegem\u00f2nics que van imperar durant el postfranquisme.<\/p>\n<div id=\"attachment_5087\" style=\"width: 310px\" class=\"wp-caption alignnone\"><a href=\"http:\/\/www.fundaciolluiscoromina.org\/wp-content\/uploads\/2021\/03\/Foto-v\u00eddeo-NOU.jpg\"><img loading=\"lazy\" decoding=\"async\" aria-describedby=\"caption-attachment-5087\" class=\"size-medium wp-image-5087\" src=\"http:\/\/www.fundaciolluiscoromina.org\/wp-content\/uploads\/2021\/03\/Foto-v\u00eddeo-NOU-300x223.jpg\" alt=\"Col\u00b7lectiu V\u00eddeo Nou\" width=\"300\" height=\"223\" \/><\/a><p id=\"caption-attachment-5087\" class=\"wp-caption-text\">Col\u00b7lectiu V\u00eddeo Nou (1977-1978)<\/p><\/div>\n<p>D\u2019aquesta forma, el projecte guanyador de la primera convocat\u00f2ria Beca Berta Casas es centra en la recopilaci\u00f3 d\u2019informaci\u00f3 gr\u00e0fica i en la documentaci\u00f3 i recerca dels treballs elaborats pel grup V\u00eddeo Nou, molts dels quals no han estat mai publicats. El projecte tamb\u00e9 inlcou la realitzaci\u00f3 de diverses entrevistes als diferents membres del col\u00b7lectiu, amb l\u2019objectiu de donar visibilitat a un grup d\u2019artistes que es van convertir en mediadors art\u00edstics en el context local i global de finals dels anys 70 i principis dels anys 80. Tota aquest proc\u00e9s de recerca donar\u00e0 lloc a un estudi monogr\u00e0fic exhaustiu sobre el col\u00b7leciu V\u00eddeo Nou, que es presentar\u00e0 p\u00fablicament amb una publicaci\u00f3 en paper que recollir\u00e0 tots els materials gr\u00e0fics i els continguts escrits de la investigaci\u00f3.<\/p>\n<p>El jurat de la primera convocat\u00f2ria Beca Berta Casas ha estat format per Montse Badia, cr\u00edtica d\u2019art i directora d\u2019A*DESK; Carme Clusellas, directora del Museu d\u2019Art de Girona; Ricard Planas, director de la revista bonart culutral i director de la Fundaci\u00f3 Llu\u00eds Coromina, i Guillem Bou, de la Fundaci\u00f3 Atrium Artis. Entre les diverses propostes rebudes, totes elles d\u2019alt inter\u00e8s, els membres del jurat n\u2019han seleccionat tres, de tem\u00e0tiques i orientacions diferents, entre les quals s\u2019ha acabat escollint el projecte guanyador de Daniel Gasol.<\/p>\n<p>Tenint en compte les bases de la convocat\u00f2ria, que es centrava en la recerca sobre art contemporani i es dirigia a artistes i investigadors que presentessin projectes per promoure activitats de divulgaci\u00f3, formaci\u00f3 i investigaci\u00f3 en \u00e0mbits culturals i cient\u00edfics, finalment el jurat va atorgar la beca el projecte <em>V\u00eddeo Nou: mediaci\u00f3 art\u00edstica durant el post-franquisme<\/em> per diversos motius. En primer lloc, la proposta de Daniel Gasol es tracta d\u2019una iniciativa molt representativa d\u2019un moment hist\u00f2ric clau per entendre la situaci\u00f3 actual de Catalunya, aix\u00ed com el potencial art\u00edstic que va n\u00e9ixer durant l\u2019\u00e8poca del postfranquisme. A m\u00e9s, el projecte contempla l\u2019estudi monogr\u00e0fic d\u2019un col\u00b7lectiu poc conegut per\u00f2 que t\u00e9 obres a les col\u00b7leccions del Museo Nacional Reina Sof\u00eda, el MACBA o la plataforma de distribuci\u00f3 HAMACA, fet que demostra la seva rellev\u00e0ncia a nivell hist\u00f2ric, amb uns valors i unes idees que poden trobar ecos i servir d\u2019inspiraci\u00f3 per altres iniciatives i propostes actuals. Finalment, la proposta de Daniel Gasol presenta una metodologia de treball molt coherent, amb una vessant de recerca personal i profunda, que donar\u00e0 lloc a una publicaci\u00f3 d\u2019inter\u00e8s general que podr\u00e0 ser desplegada en diversos formats i espais expositius.<\/p>\n<p>El projecte de recerca <em>V\u00eddeo Nou: mediaci\u00f3 art\u00edstica durant el post-franquisme <\/em>tindr\u00e0 una durada d\u2019un any i comptar\u00e0 amb la realitzaci\u00f3 d\u2019entrevistes, recopilaci\u00f3 de material gr\u00e0fic i digitalitzaci\u00f3, escritpura de l\u2019estudi monogr\u00e0fic i preparaci\u00f3 de la publicaci\u00f3 que reculli tota la informaci\u00f3 i documentaci\u00f3 recopilada. Els fruits d\u2019aquest primer projecte de la Beca Berta Casas sortiran a la llum durant el primer trimestre de 2022.<\/p>\n","protected":false},"excerpt":{"rendered":"<p>L\u2019artista i investigador Daniel Gasol ha estat el guanyador de la primera convocat\u00f2ria de la Beca Berta Casas, impulsada per &#8230;<\/p>\n","protected":false},"author":2,"featured_media":5085,"comment_status":"open","ping_status":"open","sticky":false,"template":"","format":"standard","meta":{"footnotes":""},"categories":[14,15,10,9,12],"tags":[],"class_list":["post-5086","post","type-post","status-publish","format-standard","has-post-thumbnail","hentry","category-accions-culturals","category-accions-socials","category-activitats","category-historic","category-publicacions"],"_links":{"self":[{"href":"http:\/\/fundaciolluiscoromina.org\/index.php\/wp-json\/wp\/v2\/posts\/5086","targetHints":{"allow":["GET"]}}],"collection":[{"href":"http:\/\/fundaciolluiscoromina.org\/index.php\/wp-json\/wp\/v2\/posts"}],"about":[{"href":"http:\/\/fundaciolluiscoromina.org\/index.php\/wp-json\/wp\/v2\/types\/post"}],"author":[{"embeddable":true,"href":"http:\/\/fundaciolluiscoromina.org\/index.php\/wp-json\/wp\/v2\/users\/2"}],"replies":[{"embeddable":true,"href":"http:\/\/fundaciolluiscoromina.org\/index.php\/wp-json\/wp\/v2\/comments?post=5086"}],"version-history":[{"count":0,"href":"http:\/\/fundaciolluiscoromina.org\/index.php\/wp-json\/wp\/v2\/posts\/5086\/revisions"}],"wp:attachment":[{"href":"http:\/\/fundaciolluiscoromina.org\/index.php\/wp-json\/wp\/v2\/media?parent=5086"}],"wp:term":[{"taxonomy":"category","embeddable":true,"href":"http:\/\/fundaciolluiscoromina.org\/index.php\/wp-json\/wp\/v2\/categories?post=5086"},{"taxonomy":"post_tag","embeddable":true,"href":"http:\/\/fundaciolluiscoromina.org\/index.php\/wp-json\/wp\/v2\/tags?post=5086"}],"curies":[{"name":"wp","href":"https:\/\/api.w.org\/{rel}","templated":true}]}}