{"id":5094,"date":"2021-03-05T12:33:00","date_gmt":"2021-03-05T11:33:00","guid":{"rendered":"http:\/\/www.fundaciolluiscoromina.org\/?p=5094"},"modified":"2021-03-05T12:33:00","modified_gmt":"2021-03-05T11:33:00","slug":"xxii-biennal-dart-contemporani-catala-de-l11-de-marc-fins-al-19-de-juny-a-lespai-isern-dalmau","status":"publish","type":"post","link":"http:\/\/fundaciolluiscoromina.org\/index.php\/2021\/03\/05\/xxii-biennal-dart-contemporani-catala-de-l11-de-marc-fins-al-19-de-juny-a-lespai-isern-dalmau\/","title":{"rendered":"XXII Biennal d\u2019Art Contemporani Catal\u00e0, de l\u201911 de mar\u00e7 fins al 19 de juny a l\u2019Espai Isern Dalmau"},"content":{"rendered":"<p><strong>La galeria d\u2019art Canals, Bonart Cultural i la Fundaci\u00f3 Llu\u00eds Coromina organitzen la XXII Biennal d\u2019Art Contemporani Catal\u00e0<\/strong>, una mostra especial que vol ser un homenatge als 591 artistes que han format part de l\u2019exposici\u00f3 des de l\u2019any 1977, i que inclour\u00e0 obres de diferents autors que han participat a l\u2019exposici\u00f3 bianual, aix\u00ed com un audiovisual de l\u2019artista Joan Fontcuberta.<strong>\u00a0<\/strong>La nova edici\u00f3 s&#8217;inaugura\u00a0l&#8217;11 de mar\u00e7 (18:30 h) a l\u2019Espai Isern Dalmau de Barcelona amb\u00a0un acte que, a causa de la crisi sanit\u00e0ria, nom\u00e9s comptar\u00e0 amb l\u2019assist\u00e8ncia presencial dels organitzadors i artistes vinculats a la mostra. L\u2019acte es retransmetr\u00e0 en directe a trav\u00e9s del<a href=\"https:\/\/www.instagram.com\/fundaciolluiscoromina\/\" target=\"_blank\" rel=\"noopener\"> compte d\u2019Instagram de la Fundaci\u00f3 Llu\u00eds Coromina: @fundaciolluiscoromina<\/a>.<\/p>\n<p>La Biennal d\u2019Art Contemporani Catal\u00e0 celebra la seva 22a edici\u00f3 amb una mostra dissenyada especialment per l\u2019ocasi\u00f3, amb la curadoria de Josep Canals i la col\u00b7laboraci\u00f3 de Ricard Planas, cr\u00edtic d\u2019art, editor de la revista Bonart i director de la Fundaci\u00f3 Llu\u00eds Coromina. L\u2019exposici\u00f3 es podr\u00e0 visitar fins al 15 de juny a l\u2019Espai Isern Dalmau (Barcelona) de la Fundaci\u00f3 Llu\u00eds Coromina i comptar\u00e0 amb dues vessants:\u00a0la selecci\u00f3 de diferents obres de petit i mitj\u00e0 format de m\u00e9s de deu autors i artistes que han participat a la biennal durant els darrers anys: Ignasi Aball\u00ed, Enric Ansesa, Sergi Barnils, Tom Carr, L\u00faa Coderch, Xavier Escrib\u00e0, Lourdes Fisa, Joanpere Massana, Roser Oduber, Yurian Quintanas i Perejaume.<br \/>\nLes obres seleccionades, que provenen de diferents fons, dels propis artistes, de la galeria Canals, Bonart Cultural, la Fundaci\u00f3 Llu\u00eds Coromina i la Fundaci\u00f3 Vila Casas.<\/p>\n<p>Per altra banda, la XXII Biennal d\u2019Art Contemporani Catal\u00e0 tamb\u00e9 inclour\u00e0 un videoart de l\u2019artista Joan Fontcuberta. A trav\u00e9s d\u2019una pantalla gegant, aquesta proposta audiovisual ideada especialment per l\u2019ocasi\u00f3 reflectir\u00e0 l\u2019obra dels 591 artistes que han participat a la biennal des de l\u2019any 1977, quan es va inaugurar per primera vegada a Sant Cugat del Vall\u00e8s. Tal i com explica l\u2019autor Joan Fontcuberta, \u201caquest v\u00eddeo \u00e9s un homenatge a la Biennal d\u2019Art Contemporani Catal\u00e0\u201d, per\u00f2 tamb\u00e9 es tracta d\u2019una obra de \u201creciclatge cr\u00edtic\u201d, en la qual l\u2019autor relaciona la mostra d\u2019art amb l\u2019impacte de les noves tecnologies.<\/p>\n<p><a href=\"http:\/\/www.fundaciolluiscoromina.org\/wp-content\/uploads\/2021\/03\/Video_still_1.jpeg\"><img loading=\"lazy\" decoding=\"async\" class=\"alignnone wp-image-5095 size-large\" src=\"http:\/\/www.fundaciolluiscoromina.org\/wp-content\/uploads\/2021\/03\/Video_still_1-1024x580.jpeg\" sizes=\"auto, (max-width: 300px) 100vw, 300px\" srcset=\"http:\/\/www.fundaciolluiscoromina.org\/wp-content\/uploads\/2021\/03\/Video_still_1-300x170.jpeg 300w, http:\/\/www.fundaciolluiscoromina.org\/wp-content\/uploads\/2021\/03\/Video_still_1-768x435.jpeg 768w, http:\/\/www.fundaciolluiscoromina.org\/wp-content\/uploads\/2021\/03\/Video_still_1-1024x580.jpeg 1024w\" alt=\"\" width=\"1024\" height=\"580\" \/><\/a><\/p>\n<p>Aquesta edici\u00f3 especial de la Biennal d\u2019Art Contemporani Catal\u00e0 es podr\u00e0 visitar de mar\u00e7 a juny a Barcelona, per\u00f2 tamb\u00e9 estar\u00e0 disponible a la Fundaci\u00f3 Cabanas de Sant Cugat del Vall\u00e8s entre els mesos de maig i agost. Aquest segon espai expositiu, situat al municipi on es va dur a terme la primera edici\u00f3 de la Biennal, comptar\u00e0 amb la participaci\u00f3 d\u2019altres artistes vinculats a la mostra com Carmen Anzano, Mart\u00edn Carral, Pep Cod\u00f3, Neus Colet, Carles Delclaux i Maria Fabre. A partir del 18 de juny, un cop finalitzada l\u2019exposici\u00f3 de l\u2019Espai Isern Dalmau, s\u2019ampliar\u00e0 l\u2019espai expositiu de la Fundaci\u00f3 Cabanas de Sant Cugat amb el v\u00eddeo art\u00edstic de Joan Fontcuberta i altres obres, que es podran visitar fins al 30 d\u2019agost.<\/p>\n<p><strong><em>La XXII Biennal d\u2019Art Contemporani Catal\u00e0 es podr\u00e0 visitar de l\u201911 de mar\u00e7 al 19 de juny a l\u2019Espai Isern Dalmau de Barcelona (Carrer Mallorca, 305), de dimarts a divendres de 17 h a 20 h i els dissabtes de 10 a 13 h. Les visites es realitzaran seguint els protocols de sanitat.<\/em><\/strong><\/p>\n<p><em>Per a m\u00e9s informaci\u00f3 de la segona part de la mostra de la XXII Biennal d\u2019Art Contemporani Catal\u00e0, exposada a la Fundaci\u00f3 Cabanas de Sant Cugat del Vall\u00e8s, podeu fer <a href=\"http:\/\/www.fundaciolluiscoromina.org\/inauguracio-de-la-segona-part-de-la-xxii-biennal-dart-contemporani-catala-a-sant-cugat-del-valles\/\" target=\"_blank\" rel=\"noopener\"><strong>clic aqu\u00ed<\/strong><\/a>.<\/em><\/p>\n","protected":false},"excerpt":{"rendered":"<p>La galeria d\u2019art Canals, Bonart Cultural i la Fundaci\u00f3 Llu\u00eds Coromina organitzen la XXII Biennal d\u2019Art Contemporani Catal\u00e0, una mostra &#8230;<\/p>\n","protected":false},"author":2,"featured_media":5096,"comment_status":"open","ping_status":"open","sticky":false,"template":"","format":"standard","meta":{"footnotes":""},"categories":[14,15,10,11,228,9,12],"tags":[],"class_list":["post-5094","post","type-post","status-publish","format-standard","has-post-thumbnail","hentry","category-accions-culturals","category-accions-socials","category-activitats","category-educacio-2","category-exposicions-espai-isern-dalmau","category-historic","category-publicacions"],"_links":{"self":[{"href":"http:\/\/fundaciolluiscoromina.org\/index.php\/wp-json\/wp\/v2\/posts\/5094","targetHints":{"allow":["GET"]}}],"collection":[{"href":"http:\/\/fundaciolluiscoromina.org\/index.php\/wp-json\/wp\/v2\/posts"}],"about":[{"href":"http:\/\/fundaciolluiscoromina.org\/index.php\/wp-json\/wp\/v2\/types\/post"}],"author":[{"embeddable":true,"href":"http:\/\/fundaciolluiscoromina.org\/index.php\/wp-json\/wp\/v2\/users\/2"}],"replies":[{"embeddable":true,"href":"http:\/\/fundaciolluiscoromina.org\/index.php\/wp-json\/wp\/v2\/comments?post=5094"}],"version-history":[{"count":0,"href":"http:\/\/fundaciolluiscoromina.org\/index.php\/wp-json\/wp\/v2\/posts\/5094\/revisions"}],"wp:attachment":[{"href":"http:\/\/fundaciolluiscoromina.org\/index.php\/wp-json\/wp\/v2\/media?parent=5094"}],"wp:term":[{"taxonomy":"category","embeddable":true,"href":"http:\/\/fundaciolluiscoromina.org\/index.php\/wp-json\/wp\/v2\/categories?post=5094"},{"taxonomy":"post_tag","embeddable":true,"href":"http:\/\/fundaciolluiscoromina.org\/index.php\/wp-json\/wp\/v2\/tags?post=5094"}],"curies":[{"name":"wp","href":"https:\/\/api.w.org\/{rel}","templated":true}]}}