{"id":5100,"date":"2021-03-08T13:35:54","date_gmt":"2021-03-08T12:35:54","guid":{"rendered":"http:\/\/www.fundaciolluiscoromina.org\/?p=5100"},"modified":"2021-03-08T13:35:54","modified_gmt":"2021-03-08T12:35:54","slug":"dia-internacional-de-les-dones-la-fundacio-sadhereix-a-la-iniciativa-de-la-xarxa-feminista-del-pla-de-lestany","status":"publish","type":"post","link":"http:\/\/fundaciolluiscoromina.org\/index.php\/2021\/03\/08\/dia-internacional-de-les-dones-la-fundacio-sadhereix-a-la-iniciativa-de-la-xarxa-feminista-del-pla-de-lestany\/","title":{"rendered":"Dia Internacional de les Dones: la Fundaci\u00f3 s\u2019adhereix a la iniciativa de la Xarxa Feminista del Pla de l\u2019Estany"},"content":{"rendered":"<p>Amb motiu del Dia Internacional de les Dones, la Fundaci\u00f3 Llu\u00eds Coromina s\u2019adhereix a la iniciativa <em>Creacions per la igualtat,<\/em>\u00a0impulsada per\u00a0la Xarxa Feminista del Pla de l\u2019Estany i dirigida als alumnes dels diversos centres docents de Banyoles, que han participat creant dibuixos, relats i poemes al voltant de la defensa dels drets de les dones i la igualtat de g\u00e8nere. Els dibuixos i il\u00b7lustracions d\u2019aquesta iniciativa es podran veure durant els propers dies a diversos locals i establiments del municipi, entre ells l\u2019aparador de l\u2019Espai Eat Art de la Pla\u00e7a Major, que acollir\u00e0 una selecci\u00f3 de dibuixos fins al divendres 11 de mar\u00e7.<\/p>\n<p>La Xarxa Feminista del Pla de l\u2019Estany es presenta avui dilluns 8 de mar\u00e7 (19 h) a la Pla\u00e7a Major de Banyoles, despr\u00e9s de la lectura d\u2019un manifest redactat per les set entitats membres: M\u00f3n Banyoles, l\u2019Ateneu Obert de la Dona de Banyoles, Fundaci\u00f3 Estany, Arran Pla de l\u2019Estany, Endavant, el Moviment Afrobanyol\u00ed Social, Legki Yakaru i l\u2019Associaci\u00f3 Nur. Despr\u00e9s de la presentaci\u00f3, s\u2019inaugurar\u00e0 l\u2019exposici\u00f3 <em>Creacions per la igualtat<\/em>, que es podr\u00e0 visitar durant els propers dies per diferents aparadors de les botigues i establiments del municipi.<\/p>\n<p><a href=\"http:\/\/www.fundaciolluiscoromina.org\/wp-content\/uploads\/2021\/03\/c13e65ee-205c-469a-a8a7-80b24a41f291.jpg\"><img loading=\"lazy\" decoding=\"async\" class=\"alignnone size-medium wp-image-5102\" src=\"http:\/\/www.fundaciolluiscoromina.org\/wp-content\/uploads\/2021\/03\/c13e65ee-205c-469a-a8a7-80b24a41f291-300x293.jpg\" alt=\"\" width=\"300\" height=\"293\" \/><\/a><\/p>\n","protected":false},"excerpt":{"rendered":"<p>Amb motiu del Dia Internacional de les Dones, la Fundaci\u00f3 Llu\u00eds Coromina s\u2019adhereix a la iniciativa Creacions per la igualtat,\u00a0impulsada &#8230;<\/p>\n","protected":false},"author":2,"featured_media":5101,"comment_status":"open","ping_status":"open","sticky":false,"template":"","format":"standard","meta":{"footnotes":""},"categories":[14,15,10,17,9,12],"tags":[],"class_list":["post-5100","post","type-post","status-publish","format-standard","has-post-thumbnail","hentry","category-accions-culturals","category-accions-socials","category-activitats","category-exposicions-espai-eat-art","category-historic","category-publicacions"],"_links":{"self":[{"href":"http:\/\/fundaciolluiscoromina.org\/index.php\/wp-json\/wp\/v2\/posts\/5100","targetHints":{"allow":["GET"]}}],"collection":[{"href":"http:\/\/fundaciolluiscoromina.org\/index.php\/wp-json\/wp\/v2\/posts"}],"about":[{"href":"http:\/\/fundaciolluiscoromina.org\/index.php\/wp-json\/wp\/v2\/types\/post"}],"author":[{"embeddable":true,"href":"http:\/\/fundaciolluiscoromina.org\/index.php\/wp-json\/wp\/v2\/users\/2"}],"replies":[{"embeddable":true,"href":"http:\/\/fundaciolluiscoromina.org\/index.php\/wp-json\/wp\/v2\/comments?post=5100"}],"version-history":[{"count":0,"href":"http:\/\/fundaciolluiscoromina.org\/index.php\/wp-json\/wp\/v2\/posts\/5100\/revisions"}],"wp:attachment":[{"href":"http:\/\/fundaciolluiscoromina.org\/index.php\/wp-json\/wp\/v2\/media?parent=5100"}],"wp:term":[{"taxonomy":"category","embeddable":true,"href":"http:\/\/fundaciolluiscoromina.org\/index.php\/wp-json\/wp\/v2\/categories?post=5100"},{"taxonomy":"post_tag","embeddable":true,"href":"http:\/\/fundaciolluiscoromina.org\/index.php\/wp-json\/wp\/v2\/tags?post=5100"}],"curies":[{"name":"wp","href":"https:\/\/api.w.org\/{rel}","templated":true}]}}