{"id":5112,"date":"2021-03-11T13:24:48","date_gmt":"2021-03-11T12:24:48","guid":{"rendered":"http:\/\/www.fundaciolluiscoromina.org\/?p=5112"},"modified":"2021-03-11T13:24:48","modified_gmt":"2021-03-11T12:24:48","slug":"el-consell-comarcal-del-pla-de-lestany-i-la-fundacio-lluis-coromina-impulsen-les-beques-somonze","status":"publish","type":"post","link":"http:\/\/fundaciolluiscoromina.org\/index.php\/2021\/03\/11\/el-consell-comarcal-del-pla-de-lestany-i-la-fundacio-lluis-coromina-impulsen-les-beques-somonze\/","title":{"rendered":"El Consell Comarcal del Pla de l\u2019Estany i la Fundaci\u00f3 Llu\u00eds Coromina impulsen les beques \u2018SomOnze\u2019"},"content":{"rendered":"<p>L\u2019\u00e0rea de Cultura del Consell Comarcal del Pla de l\u2019Estany ha convocat el programa de beques \u2018SomOnze\u2019, destinat als onze municipis de la comarca, amb l\u2019objectiu de fomentar la creativitat i promoure el desenvolupament i la consolidaci\u00f3 de projectes art\u00edstics i culturals en el territori. La iniciativa compta amb la col\u00b7laboraci\u00f3 de la Fundaci\u00f3 Llu\u00eds Coromina, que ha ofert el seu assessorament durant el proc\u00e9s de creaci\u00f3 de les beques i que, gr\u00e0cies a la seva experi\u00e8ncia en el m\u00f3n art\u00edstic i la recerca de recursos, coordinar\u00e0 l\u2019activitat en l\u2019\u00e0mbit p\u00fablic i privat.<\/p>\n<p>Durant les properes setmanes s\u2019obrir\u00e0 la convocat\u00f2ria dels projectes, que tindr\u00e0 una dotaci\u00f3 econ\u00f2mica de 15.000 \u20ac i es dividir\u00e0 en quatre categories per tal de ser accessible a tot el teixit cultural del territori:<\/p>\n<ul>\n<li>Beca per a la creaci\u00f3 art\u00edstica en les disciplines de teatre, dansa i circ.<\/li>\n<li>Beca per a la creaci\u00f3 d\u2019arts pl\u00e0stiques i audiovisuals.<\/li>\n<li>Beca per a la creaci\u00f3 i difusi\u00f3 musicals.<\/li>\n<li>Beca per a l\u2019edici\u00f3 de publicacions que promocionin el territori i la comarca.<\/li>\n<\/ul>\n<p>Les diferents beques es concediran per concurr\u00e8ncia p\u00fablica i es dirigeixen a totes aquelles persones i col\u00b7lectius vinculats al Pla de l\u2019Estany que vulguin desenvolupar propostes rellevants de creaci\u00f3, producci\u00f3, exhibici\u00f3 i difusi\u00f3 de les arts amb vocaci\u00f3 de professionalitzaci\u00f3 i voluntat de projecci\u00f3 exterior (itiner\u00e0ncia, divulgaci\u00f3, edici\u00f3 i gires), en un moment en qu\u00e8 el sector cultural viu una situaci\u00f3 complicada per la crisi provocada per la pand\u00e8mia de la Covid-19.<\/p>\n<p>L\u2019acte de presentaci\u00f3 de les beques s\u2019ha dut a terme aquest dijous 11 de mar\u00e7 i ha comptat amb la participaci\u00f3 del president del Consell Comarcal del Pla de l\u2019Estany, Francesc Casta\u00f1er, la consellera de cultura Anna Garcia, i el director de la Fundaci\u00f3 Llu\u00eds Coromina, Ricard Planas. El president del consell comarcal ha destacat que \u201caquest \u00e9s un primer pas d\u2019un projecte que s\u2019ha desenvolupat des de l\u2019\u00e0rea de Cultura i que demostra que existeix una ferma voluntat pol\u00edtica de protegir aquest b\u00e9 essencial per a la societat\u201d, i ha afegit que\u00a0\u201caquesta iniciativa tindr\u00e0 continu\u00eftat en el futur; volem que creixi i que els ajuntaments s\u2019hi vagin sumant i hi hagi un retorn\u201d. Per la seva banda, Anna Garcia ha explicat que\u00a0\u201cel Pla de l\u2019Estany es caracteritza pel seu gran dinamisme cultural i el que volem \u00e9s ajudar-lo i protegir-lo perqu\u00e8 una societat culta \u00e9s m\u00e9s lliure i m\u00e9s cr\u00edtica\u201d, i ha agrait el suport a la Fundaci\u00f3 Llu\u00eds Coromina i als diferents professionals que formen part del jurat. Finalment, Ricard Planas ha mostrat la voluntat de seguir participant i potenciant el projecte des de la fundaci\u00f3, i ha expressat que \u201cla comarca del Pla de l\u2019Estany \u00e9s plena de referents art\u00edstics de totes les disciplines, per aix\u00f2 estem bolcats per ajudar a visibilitzar aquest potencial cultural i social\u201d.<\/p>\n<p>Les bases del programa de beques \u2018SomOnze\u2019 es troben actualment en fase d\u2019exposici\u00f3 p\u00fablica perqu\u00e8 el sector pugui participar-hi i fer-hi aportacions i, un cop aprovades en el ple del Consell Comarcal, es fixar\u00e0 el termini per presentar les sol\u00b7licituds. Quan es concedeixin els ajuts, els projectes s\u2019hauran d\u2019executar en un termini m\u00e0xim d\u2019un any.<\/p>\n","protected":false},"excerpt":{"rendered":"<p>L\u2019\u00e0rea de Cultura del Consell Comarcal del Pla de l\u2019Estany ha convocat el programa de beques \u2018SomOnze\u2019, destinat als onze &#8230;<\/p>\n","protected":false},"author":2,"featured_media":5113,"comment_status":"open","ping_status":"open","sticky":false,"template":"","format":"standard","meta":{"footnotes":""},"categories":[14,15,10,9,12],"tags":[],"class_list":["post-5112","post","type-post","status-publish","format-standard","has-post-thumbnail","hentry","category-accions-culturals","category-accions-socials","category-activitats","category-historic","category-publicacions"],"_links":{"self":[{"href":"http:\/\/fundaciolluiscoromina.org\/index.php\/wp-json\/wp\/v2\/posts\/5112","targetHints":{"allow":["GET"]}}],"collection":[{"href":"http:\/\/fundaciolluiscoromina.org\/index.php\/wp-json\/wp\/v2\/posts"}],"about":[{"href":"http:\/\/fundaciolluiscoromina.org\/index.php\/wp-json\/wp\/v2\/types\/post"}],"author":[{"embeddable":true,"href":"http:\/\/fundaciolluiscoromina.org\/index.php\/wp-json\/wp\/v2\/users\/2"}],"replies":[{"embeddable":true,"href":"http:\/\/fundaciolluiscoromina.org\/index.php\/wp-json\/wp\/v2\/comments?post=5112"}],"version-history":[{"count":0,"href":"http:\/\/fundaciolluiscoromina.org\/index.php\/wp-json\/wp\/v2\/posts\/5112\/revisions"}],"wp:attachment":[{"href":"http:\/\/fundaciolluiscoromina.org\/index.php\/wp-json\/wp\/v2\/media?parent=5112"}],"wp:term":[{"taxonomy":"category","embeddable":true,"href":"http:\/\/fundaciolluiscoromina.org\/index.php\/wp-json\/wp\/v2\/categories?post=5112"},{"taxonomy":"post_tag","embeddable":true,"href":"http:\/\/fundaciolluiscoromina.org\/index.php\/wp-json\/wp\/v2\/tags?post=5112"}],"curies":[{"name":"wp","href":"https:\/\/api.w.org\/{rel}","templated":true}]}}