{"id":5118,"date":"2021-03-12T14:56:36","date_gmt":"2021-03-12T13:56:36","guid":{"rendered":"http:\/\/www.fundaciolluiscoromina.org\/?p=5118"},"modified":"2021-03-12T14:56:36","modified_gmt":"2021-03-12T13:56:36","slug":"presentacio-oficial-de-lequip-ciclista-elitsub23-antiga-casa-bellsola-girona","status":"publish","type":"post","link":"http:\/\/fundaciolluiscoromina.org\/index.php\/2021\/03\/12\/presentacio-oficial-de-lequip-ciclista-elitsub23-antiga-casa-bellsola-girona\/","title":{"rendered":"Presentaci\u00f3 oficial de l\u2019equip ciclista Elit\/Sub23 \u201cAntiga Casa Bellsol\u00e0 \u2013 Girona\u201d"},"content":{"rendered":"<p>L\u2019equip ciclista de carretera Elit\/Sub23 \u201cAntiga Casa Bellsol\u00e0 \u2013 Girona\u201d, que compta amb el suport de la Fundaci\u00f3 Llu\u00eds Coromina, ha realitzat la seva presentaci\u00f3 oficial aquest migdia a la Pla\u00e7a Major de Banyoles. L\u2019acte ha comptat amb l\u2019assist\u00e8ncia de tots els corredors i de l\u2019equip t\u00e8cnic, aix\u00ed com amb la pres\u00e8ncia del Sr. Llu\u00eds Coromina, president de la Fundaci\u00f3 Llu\u00eds Coromina, i el Sr. Miquel Noguer, president de la Diputaci\u00f3 de Girona i alcalde de Banyoles.<\/p>\n<p>L\u2019equip Elit\/Sub23 \u201cAntiga Casa Bellsol\u00e0 \u2013 Girona\u201d \u00e9s una estructura ciclista semi professional que vol esdevenir una pedrera de nous talents i garantir la formaci\u00f3 de futurs professionals del ciclisme en el territori giron\u00ed, amb l\u2019objectiu a llarg termini de crear un equip ciclista professional que sigui el primer equip catal\u00e0 de la hist\u00f2ria que participi al Tour de Fran\u00e7a. Gr\u00e0cies a l\u2019acord amb la Fundaci\u00f3 Llu\u00eds Coromina i la Farinera Coromina, que han cedit diversos espais, actualment l\u2019equip ciclista tamb\u00e9 disposa del seu <em>Service Course<\/em> i d\u2019una casa de resid\u00e8ncia a Banyoles, fet que permetr\u00e0 la incorporaci\u00f3 i preparaci\u00f3 de ciclistes d\u2019arreu del m\u00f3n.<\/p>\n<p>Liderat per Mireia Oliveras i Robert Bellosol\u00e0, de les tradicionals fleques gironines Antiga Casa Bellsol\u00e0, de l\u2019ex-ciclista professional Johnny Weltz i els directors esportius Pius D\u00f2niga i Carles P\u00e9rez, l\u2019equip Elit\/Sub23 \u201cAntiga Casa Bellsol\u00e0 \u2013 Girona\u201d inclou 10 corredors catalans i 6 estrangers, que durant aquest 2021 participaran a diverses curses, com la Copa d\u2019Espanya, la Copa Catalana o les curses UCI de Dinamarca.<\/p>\n<p>A banda de les fleques Antiga Casa Bellsol\u00e0 i la Fundaci\u00f3 Llu\u00eds Coromina, l\u2019equip ciclista giron\u00ed tamb\u00e9 rep el suport de la Diputaci\u00f3 de Girona, el Patronat de Turisme de la Costa Brava, l\u2019Ajuntament de Girona i de Banyoles, la Value School, el Grup Autopodium o Sant Aniol, entre molts altres. Aix\u00ed mateix, gaireb\u00e9 300 persones del territori giron\u00ed han col\u00b7laborat en el projecte com a TeamFans, i han realitzat una aportaci\u00f3 econ\u00f2mica \u00fanica a canvi de diversos avantatges \u00fanics i exclusius.<\/p>\n<p><a href=\"http:\/\/www.fundaciolluiscoromina.org\/wp-content\/uploads\/2021\/03\/ACB-Girona-Team.jpg\"><img loading=\"lazy\" decoding=\"async\" class=\"alignnone size-medium wp-image-5120\" src=\"http:\/\/www.fundaciolluiscoromina.org\/wp-content\/uploads\/2021\/03\/ACB-Girona-Team-300x184.jpg\" alt=\"\" width=\"300\" height=\"184\" \/><\/a><\/p>\n<p><strong>Equip Elit\/Sub23 \u201cAntiga Casa Bellsol\u00e0<\/strong><\/p>\n<p>El roster d\u2019aquest 2021 est\u00e0 format per Adri\u00e0 Bartrina, Gerard Bofill, David G\u00f3mez, Guillem S\u00e1nchez, Marcel Camprub\u00ed, Edgar Curto, Adri\u00e0 Ferrer, Guillem G\u00f3mez, Bernat Tarr\u00e9s, Carlos Sotelo, Christian Gorm (Dinamarca), Hirotaka Yuasa (Jap\u00f3), Jeroen Van Krimpen (Holanda), Elian Pialhoux (Fran\u00e7a), Adam Ward (Irlanda) i Juan C\u00e1rdenas (C\u00f2lombia).<\/p>\n<p>&nbsp;<\/p>\n","protected":false},"excerpt":{"rendered":"<p>L\u2019equip ciclista de carretera Elit\/Sub23 \u201cAntiga Casa Bellsol\u00e0 \u2013 Girona\u201d, que compta amb el suport de la Fundaci\u00f3 Llu\u00eds Coromina, &#8230;<\/p>\n","protected":false},"author":2,"featured_media":5119,"comment_status":"open","ping_status":"open","sticky":false,"template":"","format":"standard","meta":{"footnotes":""},"categories":[15,10,11,9,12],"tags":[],"class_list":["post-5118","post","type-post","status-publish","format-standard","has-post-thumbnail","hentry","category-accions-socials","category-activitats","category-educacio-2","category-historic","category-publicacions"],"_links":{"self":[{"href":"http:\/\/fundaciolluiscoromina.org\/index.php\/wp-json\/wp\/v2\/posts\/5118","targetHints":{"allow":["GET"]}}],"collection":[{"href":"http:\/\/fundaciolluiscoromina.org\/index.php\/wp-json\/wp\/v2\/posts"}],"about":[{"href":"http:\/\/fundaciolluiscoromina.org\/index.php\/wp-json\/wp\/v2\/types\/post"}],"author":[{"embeddable":true,"href":"http:\/\/fundaciolluiscoromina.org\/index.php\/wp-json\/wp\/v2\/users\/2"}],"replies":[{"embeddable":true,"href":"http:\/\/fundaciolluiscoromina.org\/index.php\/wp-json\/wp\/v2\/comments?post=5118"}],"version-history":[{"count":0,"href":"http:\/\/fundaciolluiscoromina.org\/index.php\/wp-json\/wp\/v2\/posts\/5118\/revisions"}],"wp:attachment":[{"href":"http:\/\/fundaciolluiscoromina.org\/index.php\/wp-json\/wp\/v2\/media?parent=5118"}],"wp:term":[{"taxonomy":"category","embeddable":true,"href":"http:\/\/fundaciolluiscoromina.org\/index.php\/wp-json\/wp\/v2\/categories?post=5118"},{"taxonomy":"post_tag","embeddable":true,"href":"http:\/\/fundaciolluiscoromina.org\/index.php\/wp-json\/wp\/v2\/tags?post=5118"}],"curies":[{"name":"wp","href":"https:\/\/api.w.org\/{rel}","templated":true}]}}