{"id":5123,"date":"2021-03-13T11:53:06","date_gmt":"2021-03-13T10:53:06","guid":{"rendered":"http:\/\/www.fundaciolluiscoromina.org\/?p=5123"},"modified":"2021-03-13T11:53:06","modified_gmt":"2021-03-13T10:53:06","slug":"5123-2","status":"publish","type":"post","link":"http:\/\/fundaciolluiscoromina.org\/index.php\/2021\/03\/13\/5123-2\/","title":{"rendered":"L\u2019empresa de transports TEISA commemora el seu centenari amb diverses accions socials i culturals"},"content":{"rendered":"<p><strong>L\u2019empresa de transports TEISA commemora el seu centenari amb diverses accions socials i culturals<\/strong><\/p>\n<p>Coincidint amb la data de fundaci\u00f3 de Transports El\u00e8ctrics Interurbans S.A., l\u2019empresa TEISA va celebrar el seu centenari el 13 de mar\u00e7 de 2020 i va anunciar una quinzena d\u2019activitats socials i culturals per commemorar els cent anys d\u2019hist\u00f2ria. Un any despr\u00e9s, malgrat la situaci\u00f3 causada per la crisi sanit\u00e0ria, que va fer replantejar tota la programaci\u00f3 del centenari, l\u2019empresa de transports presenta un resum de les diverses accions que s\u2019han dut a terme durant aquests dotze mesos, i que han comptat amb el suport de la Fundaci\u00f3 Llu\u00eds Coromina.<\/p>\n<div style=\"width: 640px;\" class=\"wp-video\"><video class=\"wp-video-shortcode\" id=\"video-5123-1\" width=\"640\" height=\"352\" preload=\"metadata\" controls=\"controls\"><source type=\"video\/mp4\" src=\"http:\/\/www.fundaciolluiscoromina.org\/wp-content\/uploads\/2021\/03\/VID-20210313-WA0005.mp4?_=1\" \/><a href=\"http:\/\/www.fundaciolluiscoromina.org\/wp-content\/uploads\/2021\/03\/VID-20210313-WA0005.mp4\">http:\/\/www.fundaciolluiscoromina.org\/wp-content\/uploads\/2021\/03\/VID-20210313-WA0005.mp4<\/a><\/video><\/div>\n<p>&nbsp;<\/p>\n<p><strong>Cessi\u00f3 de dos autocars a l\u2019ONG Azahara<\/strong><\/p>\n<p>L\u2019empresa TEISA ha cedit dos autocars per facilitar el transport escolar al nord del Marroc, despr\u00e9s d\u2019arribar a un acord amb l\u2019ONG Azahara. En col\u00b7laboraci\u00f3 amb la Fundaci\u00f3 Llu\u00eds Coromina, aquesta acci\u00f3 permetr\u00e0 a estudiants marroquins de zones rurals d\u2019Ouazzane i de Chefchaouen poder-se despla\u00e7ar fins a centres escolars amb un transport m\u00e9s confortable i segur. La cessi\u00f3 dels dos autocars, que arribaran al Marroc durant les properes setmanes, es va anunciar el mes de febrer a la seu de TEISA a Girona, amb la pres\u00e8ncia del president de la Fundaci\u00f3 Llu\u00eds Coromina, Llu\u00eds Coromina; el director-gerent de TEISA, \u00c0lex Gilabert; el c\u00f2nsol del Marroc a Girona, Mustapha El Yemli, i Mohamed El Amrani, president d\u2019Azahara.<\/p>\n<p><a href=\"http:\/\/www.fundaciolluiscoromina.org\/wp-content\/uploads\/2021\/02\/03c6be02-4b11-4008-985b-b3606ef67f5b.jpg\"><img loading=\"lazy\" decoding=\"async\" class=\"alignnone size-medium wp-image-5019\" src=\"http:\/\/www.fundaciolluiscoromina.org\/wp-content\/uploads\/2021\/02\/03c6be02-4b11-4008-985b-b3606ef67f5b-300x225.jpg\" alt=\"\" width=\"300\" height=\"225\" \/><\/a><\/p>\n<p>&nbsp;<\/p>\n<p><strong>Llibre commemoratiu del centenari<\/strong><\/p>\n<p>L\u2019empresa TEISA ha editat el llibre <em>El passat es projecta en el futur i el futur es recolza en el passat<\/em>, una publicaci\u00f3 que commemora els cent anys de traject\u00f2ria de la companyia de transports. Coordinat pels periodistes Jordi Grau i Andreu Mas, la versi\u00f3 digital del llibre es va presentar en format digital durant la diada de Sant Jordi de 2020, mentre que l\u2019edici\u00f3 en format paper s\u2019ha publicat i distribuit durant el primer trimestre del 2021. Aquesta publicaci\u00f3 del centenari t\u00e9 una vessant documental, per\u00f2 tamb\u00e9 \u00e9s una mostra de diverses vessants art\u00edstiques com el dibuix, la pintura, l\u2019escultura o la fotografia, entre d\u2019altres, en la qual han participat diversos artistes de renom com Albert Serra, cabosanroque, Yurian Quintanas, Tino Soriano o Francesc Guillamet, entre molts altres. D\u2019aquesta forma, el llibre <em>El passat es projecta en el futur i el futur es recolza en el passat<\/em> es caracteritza per ser una obra \u00fanica, amb un disseny exclusiu i tot un seguit de continguts que tracten tem\u00e0tiques com l\u2019art, la mobilitat, els paisatges humans i urbans, la natura o la realitat interna de l\u2019empresa centen\u00e0ria TEISA.<\/p>\n<p><a href=\"http:\/\/www.fundaciolluiscoromina.org\/wp-content\/uploads\/2021\/03\/imatge.jpg\"><img loading=\"lazy\" decoding=\"async\" class=\"alignnone size-medium wp-image-5125\" src=\"http:\/\/www.fundaciolluiscoromina.org\/wp-content\/uploads\/2021\/03\/imatge-276x300.jpg\" alt=\"\" width=\"276\" height=\"300\" \/><\/a><\/p>\n<p>&nbsp;<\/p>\n<p><strong>Escultura de Josep Ponsat\u00ed<\/strong><\/p>\n<p>Amb l\u2019objectiu de crear una escultura que simbolitz\u00e9s la commemoraci\u00f3 del centenari de TEISA, l\u2019empresa ha encarregat una obra art\u00edstica i personalitzada a Josep Ponsat\u00ed, artista multidisciplinar resident a Porqueres. Amb la refer\u00e8ncia del t\u00edtol del llibre commemoratiu dels cent anys d\u2019hist\u00f2ria i la frase \u201cel futur es recolza en el passat\u201d, l\u2019artista ha dissenyat una escultura que simbolitza, per una banda, dues mans en forma d\u2019orat\u00f2ria i, per l\u2019altra, dues tes inclinades que es donen suport l\u2019una a l\u2019altra, i que representen els valors de la companyia de transports banyolina.<\/p>\n<p><a href=\"http:\/\/www.fundaciolluiscoromina.org\/wp-content\/uploads\/2021\/03\/8.jpg\"><img loading=\"lazy\" decoding=\"async\" class=\"alignnone size-medium wp-image-5124\" src=\"http:\/\/www.fundaciolluiscoromina.org\/wp-content\/uploads\/2021\/03\/8-240x300.jpg\" alt=\"\" width=\"240\" height=\"300\" \/><\/a><\/p>\n<p>&nbsp;<\/p>\n<p><strong>Patrocini de l\u2019espai Garage Banyoles Slot<\/strong><\/p>\n<p>Durant l\u2019any del centenari, l\u2019empresa TEISA s\u2019ha convertit en un dels patrocinadors del club d\u2019scalextric Gargae Banyoles Slot, un espai social i educatiu gestionat per la Fundaci\u00f3 Llu\u00eds Coromina. L\u2019objectiu d\u2019aquesta col\u00b7laboraci\u00f3 \u00e9s posar en valor el m\u00f3n del transport i de la mobilitat el\u00e8ctrica, gr\u00e0cies a la promoci\u00f3 d\u2019un espai que potencia l\u2019esport, l\u2019educaci\u00f3, la ci\u00e8ncia i la tecnologia.<\/p>\n<p><a href=\"http:\/\/www.fundaciolluiscoromina.org\/wp-content\/uploads\/2021\/03\/Slot-Banyoles-Teisa-2020-2-590x315.png\"><img loading=\"lazy\" decoding=\"async\" class=\"alignnone size-medium wp-image-5127\" src=\"http:\/\/www.fundaciolluiscoromina.org\/wp-content\/uploads\/2021\/03\/Slot-Banyoles-Teisa-2020-2-590x315-300x160.png\" alt=\"\" width=\"300\" height=\"160\" \/><\/a><\/p>\n<p>&nbsp;<\/p>\n<p><strong>Conveni amb l\u2019arxiu comarcal del Pla de l\u2019Estany<\/strong><\/p>\n<p>TEISA ha documentat el recorregut i els esdeveniments m\u00e9s rellevants dels cent anys de vida de l\u2019empresa gr\u00e0cies a la col\u00b7laboraci\u00f3 de l\u2019historiardor Joan Carles Salmer\u00f3n. El mes de juliol de 2020, la companyia de transports va cedir en dip\u00f2sit a l\u2019arxiu comarcal del Pla de l\u2019Estany tot el seu arxiu hist\u00f2ric, un recull documental de gran valor que ha passat a formar part de la propietat p\u00fablica. L\u2019acte simb\u00f2lic del mes de juliol va comptar amb l\u2019assist\u00e8ncia del president de TEISA, Llu\u00eds Coromina; el president del Consell Comarcal del Pla de l\u2019Estany, Francesc Casta\u00f1er, i l\u2019historidor Joan Carles Salmer\u00f3n.<\/p>\n<p>&nbsp;<\/p>\n<p>Aquestes han estat les principals accions de de commemoraci\u00f3 del centenari de l\u2019empresa TEISA, que va haver de reprogramar les diferents activitats socials i culturals anunciades el passat 13 de mar\u00e7 de 2020.<\/p>\n","protected":false},"excerpt":{"rendered":"<p>L\u2019empresa de transports TEISA commemora el seu centenari amb diverses accions socials i culturals Coincidint amb la data de fundaci\u00f3 &#8230;<\/p>\n","protected":false},"author":2,"featured_media":5129,"comment_status":"open","ping_status":"open","sticky":false,"template":"","format":"standard","meta":{"footnotes":""},"categories":[14,15,10,227,17,9,12],"tags":[],"class_list":["post-5123","post","type-post","status-publish","format-standard","has-post-thumbnail","hentry","category-accions-culturals","category-accions-socials","category-activitats","category-exposicions-garage","category-exposicions-espai-eat-art","category-historic","category-publicacions"],"_links":{"self":[{"href":"http:\/\/fundaciolluiscoromina.org\/index.php\/wp-json\/wp\/v2\/posts\/5123","targetHints":{"allow":["GET"]}}],"collection":[{"href":"http:\/\/fundaciolluiscoromina.org\/index.php\/wp-json\/wp\/v2\/posts"}],"about":[{"href":"http:\/\/fundaciolluiscoromina.org\/index.php\/wp-json\/wp\/v2\/types\/post"}],"author":[{"embeddable":true,"href":"http:\/\/fundaciolluiscoromina.org\/index.php\/wp-json\/wp\/v2\/users\/2"}],"replies":[{"embeddable":true,"href":"http:\/\/fundaciolluiscoromina.org\/index.php\/wp-json\/wp\/v2\/comments?post=5123"}],"version-history":[{"count":0,"href":"http:\/\/fundaciolluiscoromina.org\/index.php\/wp-json\/wp\/v2\/posts\/5123\/revisions"}],"wp:attachment":[{"href":"http:\/\/fundaciolluiscoromina.org\/index.php\/wp-json\/wp\/v2\/media?parent=5123"}],"wp:term":[{"taxonomy":"category","embeddable":true,"href":"http:\/\/fundaciolluiscoromina.org\/index.php\/wp-json\/wp\/v2\/categories?post=5123"},{"taxonomy":"post_tag","embeddable":true,"href":"http:\/\/fundaciolluiscoromina.org\/index.php\/wp-json\/wp\/v2\/tags?post=5123"}],"curies":[{"name":"wp","href":"https:\/\/api.w.org\/{rel}","templated":true}]}}