{"id":5135,"date":"2021-03-18T10:40:41","date_gmt":"2021-03-18T09:40:41","guid":{"rendered":"http:\/\/www.fundaciolluiscoromina.org\/?p=5135"},"modified":"2021-03-18T10:40:41","modified_gmt":"2021-03-18T09:40:41","slug":"noves-activitats-de-la-llibreria-laltell-a-lespai-eat-art","status":"publish","type":"post","link":"http:\/\/fundaciolluiscoromina.org\/index.php\/2021\/03\/18\/noves-activitats-de-la-llibreria-laltell-a-lespai-eat-art\/","title":{"rendered":"Noves activitats de la llibreria L\u2019Altell a l\u2019Espai Eat Art"},"content":{"rendered":"<p>Durant el mes de mar\u00e7, l\u2019Espai Eat Art acull noves presentacions i activitats organitzades per la llibreia L\u2019Altell de Banyoles: tarda dedicada a Philippe Sands, una sessi\u00f3 de\u00a0<em>En viu i en directe,\u00a0<\/em>i clubs de lectura per a adults i per a infants.<\/p>\n<p><em>\u00a0<\/em><\/p>\n<p>Dijous 18 de mar\u00e7 (19:30 h)<\/p>\n<p><strong>Tarda Philippe Sands: <em>Ruta d\u2019escapada<\/em><\/strong><\/p>\n<p><em>Aforament limitat; inscripci\u00f3 pr\u00e8via al tel\u00e8fon 972 580 270 o a <a href=\"mailto:laltell@laltell.cat\">laltell@laltell.cat<\/a><\/em><\/p>\n<p>Tarda dedicada a l\u2019autor Philippe Sands i la seva darrera publicaci\u00f3: <em>Ruta d&#8217;escapada<\/em>. L\u2019activitat girar\u00e0 entorn d\u2019aquest escriptor i jurista, que en el seu moment va enlluernar all p\u00fablic amb l\u2019obra Calle Este-Oeste, un llibre que parlava sobre els or\u00edgens del \u00abgenocidi\u00bb i dels \u00abcrims contra la humanitat\u00bb. La tarda dedicada a Philippe Sands comptar\u00e0 amb l\u2019editora Isabel Obiols, Ricard Vela i Matthew Tree.<\/p>\n<p><a href=\"http:\/\/www.fundaciolluiscoromina.org\/wp-content\/uploads\/2021\/03\/Portada1.png\"><img loading=\"lazy\" decoding=\"async\" class=\"alignnone size-medium wp-image-5136\" src=\"http:\/\/www.fundaciolluiscoromina.org\/wp-content\/uploads\/2021\/03\/Portada1-202x300.png\" alt=\"\" width=\"202\" height=\"300\" \/><\/a><\/p>\n<p>&nbsp;<\/p>\n<p>Dissabte 20 de mar\u00e7 (12 h)<\/p>\n<p><strong><em>En viu i en directe<\/em> amb J. N. Santaeul\u00e0lia<\/strong><\/p>\n<p><em>Aforament limitat; inscripci\u00f3 pr\u00e8via al tel\u00e8fon 972 580 270 o a <a href=\"mailto:laltell@laltell.cat\">laltell@laltell.cat<\/a><\/em><\/p>\n<p>J. N. Santeul\u00e0lia presenta el seu darrer llibre: <em>2017 Dietari d\u2019un any convuls<\/em>. \u00a0L\u2019autor explica que es tracta de l\u2019obra m\u00e9s rica en personatges, an\u00e8cdotes, reflexions, descripcions i records, i que es tracta d\u2019una mirada personal sobre ell mateix i de la gent i les coses que l\u2019envolten. Joan Estarriola, batlle de Fontcoberta, l\u2019acompanyar\u00e0 en la presentaci\u00f3.<\/p>\n<p><a href=\"http:\/\/www.fundaciolluiscoromina.org\/wp-content\/uploads\/2021\/03\/Portada2.png\"><img loading=\"lazy\" decoding=\"async\" class=\"alignnone size-medium wp-image-5137\" src=\"http:\/\/www.fundaciolluiscoromina.org\/wp-content\/uploads\/2021\/03\/Portada2-300x249.png\" alt=\"\" width=\"300\" height=\"249\" \/><\/a><\/p>\n<p>&nbsp;<\/p>\n<p>Dissabte 27 de mar\u00e7 (11:30 h)<\/p>\n<p><strong><em>En viu i en directe<\/em> amb Xavier Bosch<\/strong><\/p>\n<p><em>Inscripci\u00f3 pr\u00e8via al tel\u00e8fon 972 580 270 o a <a href=\"mailto:laltell@laltell.cat\">laltell@laltell.cat<\/a><\/em><\/p>\n<p>Presentaci\u00f3 del darrer llibre de Xavier Bosch: <em>La dona de la seva vida<\/em>. En la seva maduresa com escriptor, Bosch presenta aquesta nova obra amb els germans Estrada com a protagonistes. Tot i que es tracta d&#8217;una fam\u00edlia que es mant\u00e9 molt unida malgrat viure en indrets diferent, una investigaci\u00f3 period\u00edstica ho capgira tot i posa la seva relaci\u00f3 en perill. L\u2019autor recupera la seva faceta period\u00edstica amb aquesta nova trama familiar i emocionant, que parla del preu de traspassar les l\u00ednies vermelles de la veritat. L\u2019activitat comptar\u00e0 amb la pres\u00e8ncia de l\u2019autor.<\/p>\n<p><a href=\"http:\/\/www.fundaciolluiscoromina.org\/wp-content\/uploads\/2021\/03\/Portada-3.png\"><img loading=\"lazy\" decoding=\"async\" class=\"alignnone size-medium wp-image-5147\" src=\"http:\/\/www.fundaciolluiscoromina.org\/wp-content\/uploads\/2021\/03\/Portada-3-300x260.png\" alt=\"\" width=\"300\" height=\"260\" \/><\/a><\/p>\n<p>&nbsp;<\/p>\n<p>Dilluns 29 de mar\u00e7 (16 h)<\/p>\n<p><strong>Club de lectura Astrid Lindgren (8-10 anys)<\/strong><\/p>\n<p><span style=\"color: #ff0000;\"><em>Aforament complet<\/em><\/span><\/p>\n<p>Aquest mes els infants del club de lectura compartiran reflexions i consideracions sobre el llibre Viatge al pa\u00eds dels arbres, de J. M. G. Lecl\u00e9zio. Una publicaci\u00f3 que els fa observar el seu entorn i, sobretot, els arbres i la natura, que amaguen certs secrets.<\/p>\n<p><a href=\"http:\/\/www.fundaciolluiscoromina.org\/wp-content\/uploads\/2021\/03\/poridentidad.jpg\"><img loading=\"lazy\" decoding=\"async\" class=\"alignnone size-medium wp-image-5138\" src=\"http:\/\/www.fundaciolluiscoromina.org\/wp-content\/uploads\/2021\/03\/poridentidad-194x300.jpg\" alt=\"\" width=\"194\" height=\"300\" \/><\/a><\/p>\n<p>&nbsp;<\/p>\n<p>Dimecres 31 de mar\u00e7 (20:15 h)<\/p>\n<p><strong>Club de lectura adult, amb <em>Mestissa<\/em> de Maria Campbell<\/strong><\/p>\n<p><em>Inscripci\u00f3 pr\u00e8via al tel\u00e8fon 972 580 270 o a <a href=\"mailto:laltell@laltell.cat\">laltell@laltell.cat<\/a><\/em><\/p>\n<p><em>Mestissa<\/em> \u00e9s el primer llibre de Maria Campbell, activista del Canad\u00e0, filla d\u2019abor\u00edgens i de colosn europeus. L\u2019autora narra la seva inf\u00e0ncia i joventut, marcada per la seva condici\u00f3 de mestissa (mig blanca, mig \u00edndia), i parla d\u2019una societat que no d\u00f3na suport a les difer\u00e8ncies racials i culturals amb una literatura tendra i c\u00e0lida, sense rancor. El testimoni de Campbell va acompanyat d\u2019altres tem\u00e0tiques que mostren una realitat crua i dura, com el genocidi colonial, la pobresa, la protistuci\u00f3, les agressions masclistes, la segregaci\u00f3 racial o l\u2019addicci\u00f3 a les drogues, entre d\u2019altres.<\/p>\n<p>El llibre <em>Mestissa<\/em>, es va publicar per primera vegada l\u2019any 1973 i es considera un dels textos fundadors de la literatura aborigen canadenca, es presenta per primera vegada en catal\u00e0 i recupera un dels cap\u00edtols que va ser censurat, en qu\u00e8 Campbell narra com va ser violada per un agent de policia.<\/p>\n<p><a href=\"http:\/\/www.fundaciolluiscoromina.org\/wp-content\/uploads\/2021\/03\/Portada4.png\"><img loading=\"lazy\" decoding=\"async\" class=\"alignnone size-medium wp-image-5139\" src=\"http:\/\/www.fundaciolluiscoromina.org\/wp-content\/uploads\/2021\/03\/Portada4-300x245.png\" alt=\"\" width=\"300\" height=\"245\" \/><\/a><\/p>\n","protected":false},"excerpt":{"rendered":"<p>Durant el mes de mar\u00e7, l\u2019Espai Eat Art acull noves presentacions i activitats organitzades per la llibreia L\u2019Altell de Banyoles: &#8230;<\/p>\n","protected":false},"author":2,"featured_media":5140,"comment_status":"open","ping_status":"open","sticky":false,"template":"","format":"standard","meta":{"footnotes":""},"categories":[14,15,10,9,12],"tags":[],"class_list":["post-5135","post","type-post","status-publish","format-standard","has-post-thumbnail","hentry","category-accions-culturals","category-accions-socials","category-activitats","category-historic","category-publicacions"],"_links":{"self":[{"href":"http:\/\/fundaciolluiscoromina.org\/index.php\/wp-json\/wp\/v2\/posts\/5135","targetHints":{"allow":["GET"]}}],"collection":[{"href":"http:\/\/fundaciolluiscoromina.org\/index.php\/wp-json\/wp\/v2\/posts"}],"about":[{"href":"http:\/\/fundaciolluiscoromina.org\/index.php\/wp-json\/wp\/v2\/types\/post"}],"author":[{"embeddable":true,"href":"http:\/\/fundaciolluiscoromina.org\/index.php\/wp-json\/wp\/v2\/users\/2"}],"replies":[{"embeddable":true,"href":"http:\/\/fundaciolluiscoromina.org\/index.php\/wp-json\/wp\/v2\/comments?post=5135"}],"version-history":[{"count":0,"href":"http:\/\/fundaciolluiscoromina.org\/index.php\/wp-json\/wp\/v2\/posts\/5135\/revisions"}],"wp:attachment":[{"href":"http:\/\/fundaciolluiscoromina.org\/index.php\/wp-json\/wp\/v2\/media?parent=5135"}],"wp:term":[{"taxonomy":"category","embeddable":true,"href":"http:\/\/fundaciolluiscoromina.org\/index.php\/wp-json\/wp\/v2\/categories?post=5135"},{"taxonomy":"post_tag","embeddable":true,"href":"http:\/\/fundaciolluiscoromina.org\/index.php\/wp-json\/wp\/v2\/tags?post=5135"}],"curies":[{"name":"wp","href":"https:\/\/api.w.org\/{rel}","templated":true}]}}