{"id":5150,"date":"2021-03-19T10:15:42","date_gmt":"2021-03-19T09:15:42","guid":{"rendered":"http:\/\/www.fundaciolluiscoromina.org\/?p=5150"},"modified":"2021-03-19T10:15:42","modified_gmt":"2021-03-19T09:15:42","slug":"tino-soriano-presenta-lexposicio-curarte-a-saragossa","status":"publish","type":"post","link":"http:\/\/fundaciolluiscoromina.org\/index.php\/2021\/03\/19\/tino-soriano-presenta-lexposicio-curarte-a-saragossa\/","title":{"rendered":"Tino Soriano presenta l\u2019exposici\u00f3 \u2018CurArte\u2019 a Saragossa"},"content":{"rendered":"<p>Del 24 de mar\u00e7 al 23 de maig, la sala f\/DKV &#8211; Centro de fotograf\u00eda con causa, de la seu corporativa de DKV Seguros de Saragossa, acollir\u00e0 l\u2019exposici\u00f3 <em>CurArte, 40 a\u00f1os fotografiando la sanidad espa\u00f1ola<\/em>, del fot\u00f2graf Tino Soriano. Amb la col\u00b7laboraci\u00f3 de la Fundaci\u00f3 Llu\u00eds Coromina, que ha participat en la coproducci\u00f3 de la mostra, l\u2019exposici\u00f3 es tracta d\u2019un recull d\u2019imatges realitzades durant les \u00faltimes quatre d\u00e8cades que ha esdevingut un homenatge als professionals del m\u00f3n de la medicina i la sanitat. La inauguraci\u00f3 es podr\u00e0 seguir en l\u00ednia el dimecres 24 de mar\u00e7 a les 11:30 h a trav\u00e9s d&#8217;<a href=\"https:\/\/www.youtube.com\/watch?v=cg1X7_79abE\">aquest enlla\u00e7<\/a>.<\/p>\n<p>A partir de les fotografies del llibre <em>CurArte, 40 a\u00f1os fotografiando la sanidad espa\u00f1ola<\/em>, publicat per l&#8217;editorial Anaya el mes de novembre de 2020, la mostra d\u2019imatges que es podr\u00e0 veure a Saragossa \u00e9s un treball documental fet de primera m\u00e0 per Tino Soriano que posa en relleu l\u2019art de curar, i dona visibilitat a l\u2019esfor\u00e7 i la const\u00e0ncia dels professionals del m\u00f3n santiari. Aix\u00ed doncs, l\u2019exposici\u00f3 retrata les viv\u00e8ncies i situacions de diversos \u00e0mbits de la medicina, com ara les visites domicili\u00e0ries, la feina dels metges rurals, els serveis d&#8217;emerg\u00e8ncies, i moltes altres facetes que tot sovint queden invisibilitzades. <em>CurArte, 40 a\u00f1os fotografiando la sanidad espa\u00f1ola<\/em> reflecteix hist\u00f2ries que s&#8217;entrecreuen cada dia a l&#8217;interior dels hospitals, des del naixement fins a la mort, passant per les rutines de recerca m\u00e9s complexes, els quir\u00f2fans, les noves tecnologies o l&#8217;empatia amb els pacients que pateixen malalties greus. \u201cCurar \u00e9s un art i cuidar la salut tamb\u00e9\u201d, explica el fot\u00f2graf, que inaugurar\u00e0 l\u2019exposici\u00f3 el pr\u00f2xim dimecres 24 de mar\u00e7 a la sala f\/DKV &#8211; Centro de fotograf\u00eda con causa de la seu de DKV Seguros de Saragossa. L&#8217;acte inaugural comptar\u00e0 tamb\u00e9 amb la pres\u00e8ncia de Josep Santacreu, conseller delegat de DKV, i Elvira Ferrer, directora metge de Cu\u00eddate con DKV.<\/p>\n<p><iframe loading=\"lazy\" src=\"https:\/\/www.youtube.com\/embed\/_1L0-GiscbY\" width=\"560\" height=\"315\" frameborder=\"0\" allowfullscreen=\"allowfullscreen\"><\/iframe><\/p>\n<p><strong>Inauguraci\u00f3 en l\u00ednia | <\/strong>Dimecres 24 de mar\u00e7 a les 11:30 h a trav\u00e9s d&#8217;<a href=\"http:\/\/www.youtube.com\/watch?v=cg1X7_79abE\"><strong>aquest enlla\u00e7 de YouTube.<\/strong><\/a><\/p>\n<p>&nbsp;<\/p>\n<p><strong>Tino Soriano<\/strong><\/p>\n<p>Fot\u00f2graf vinculat a la Fundaci\u00f3 Llu\u00eds Coromina que ha estat premiat per l\u2019Organitzaci\u00f3 Mundial de la Salut i per l\u2019Acad\u00e8mia de Ci\u00e8ncies M\u00e8diques de Catalunya i Balears, gr\u00e0cies als seus reportatges fotogr\u00e0fics i la seva tasca divulgativa en el m\u00f3n de la sanitat. Ha treballat como a fot\u00f2graf en dotzenes d\u2019hospitals de tot el m\u00f3n i ha col\u00b7laborat amb diverses entitats m\u00e8diques, amb l\u2019objectiu de documentar amb espontane\u00eftat uns espais que s\u00f3n de dif\u00edcil acc\u00e9s per a les c\u00e0meres fotogr\u00e0fiques. A dia d\u2019avui, Tino Soriano treballa en un projecte sobre medicina tradicional a diversos pa\u00efsos amb National Geographic, on hi col\u00b7labora des de fa m\u00e9s de vint anys.<\/p>\n","protected":false},"excerpt":{"rendered":"<p>Del 24 de mar\u00e7 al 23 de maig, la sala f\/DKV &#8211; Centro de fotograf\u00eda con causa, de la seu &#8230;<\/p>\n","protected":false},"author":2,"featured_media":5166,"comment_status":"open","ping_status":"open","sticky":false,"template":"","format":"standard","meta":{"footnotes":""},"categories":[14,15,10,9,12],"tags":[],"class_list":["post-5150","post","type-post","status-publish","format-standard","has-post-thumbnail","hentry","category-accions-culturals","category-accions-socials","category-activitats","category-historic","category-publicacions"],"_links":{"self":[{"href":"http:\/\/fundaciolluiscoromina.org\/index.php\/wp-json\/wp\/v2\/posts\/5150","targetHints":{"allow":["GET"]}}],"collection":[{"href":"http:\/\/fundaciolluiscoromina.org\/index.php\/wp-json\/wp\/v2\/posts"}],"about":[{"href":"http:\/\/fundaciolluiscoromina.org\/index.php\/wp-json\/wp\/v2\/types\/post"}],"author":[{"embeddable":true,"href":"http:\/\/fundaciolluiscoromina.org\/index.php\/wp-json\/wp\/v2\/users\/2"}],"replies":[{"embeddable":true,"href":"http:\/\/fundaciolluiscoromina.org\/index.php\/wp-json\/wp\/v2\/comments?post=5150"}],"version-history":[{"count":0,"href":"http:\/\/fundaciolluiscoromina.org\/index.php\/wp-json\/wp\/v2\/posts\/5150\/revisions"}],"wp:attachment":[{"href":"http:\/\/fundaciolluiscoromina.org\/index.php\/wp-json\/wp\/v2\/media?parent=5150"}],"wp:term":[{"taxonomy":"category","embeddable":true,"href":"http:\/\/fundaciolluiscoromina.org\/index.php\/wp-json\/wp\/v2\/categories?post=5150"},{"taxonomy":"post_tag","embeddable":true,"href":"http:\/\/fundaciolluiscoromina.org\/index.php\/wp-json\/wp\/v2\/tags?post=5150"}],"curies":[{"name":"wp","href":"https:\/\/api.w.org\/{rel}","templated":true}]}}