{"id":5168,"date":"2021-04-01T11:14:35","date_gmt":"2021-04-01T09:14:35","guid":{"rendered":"http:\/\/www.fundaciolluiscoromina.org\/?p=5168"},"modified":"2021-04-01T11:14:35","modified_gmt":"2021-04-01T09:14:35","slug":"vint-anys-de-primatologia-amb-la-fundacio-mona","status":"publish","type":"post","link":"http:\/\/fundaciolluiscoromina.org\/index.php\/2021\/04\/01\/vint-anys-de-primatologia-amb-la-fundacio-mona\/","title":{"rendered":"Vint anys de primatologia amb la Fundaci\u00f3 Mona"},"content":{"rendered":"<p>La Fundaci\u00f3 Mona, el centre de recuperaci\u00f3 de primats situat a Riudellots de La Selva, compleix vint anys d\u2019hist\u00f2ria i de treball pel benestar i la conservaci\u00f3 d\u2019aquests animals. Nascuda l\u2019any 2001 amb l\u2019objectiu de protegir els primats i mantenir-los en un espai de benestar i seguretat, la Fundaci\u00f3 Mona compta amb la col\u00b7laboraci\u00f3 de la Fundaci\u00f3 Llu\u00eds Coromina, que hi participa puntualment amb accions diverses, com per exemple l\u2019exposici\u00f3 <em><a href=\"http:\/\/www.fundaciolluiscoromina.org\/inaugurada-la-mona-mona\/\">La Mona Mona<\/a><\/em> que va tenir lloc a l\u2019Espai Eat Art l\u2019any 2019.<\/p>\n<p>Durant aquests vint anys, el centre de recuperaci\u00f3 ha esdevingut un dels principals motors de formaci\u00f3 de primat\u00f2legs del pa\u00eds. Gr\u00e0cies al conveni amb la Fundaci\u00f3 Universitat de Girona, la Fundaci\u00f3 Mona situa la capital gironina en el mapa formatiu europeu i ofereix l\u2019\u00fanic M\u00e0ster de Primatologia de tot l\u2019Estat espanyol, d\u2019on han sortit diversos professionals de la primatologia que actualment treballen i col\u00b7laboren amb diversos projectes a Europa, \u00c0frica i \u00c0sia.<\/p>\n<p>La fundaci\u00f3 tamb\u00e9 ofereix visibilitat a la situaci\u00f3 de vulnerabilitat d\u2019algunes esp\u00e8cies de primats, moltes de les quals han estat explotades en el m\u00f3n de l\u2019espectacle o s\u00f3n v\u00edctimes del tr\u00e0fic il\u00b7legal de mascotes ex\u00f2tiques. Tota aquesta visibilitzaci\u00f3, juntament amb la tasca educativa del centre de rescat o les aparicions a mitjans internacionals com el National Geographic, han perm\u00e8s dur a terme un canvi de consci\u00e8ncia i percepci\u00f3 de la societat respecte a aquests animals i el seu benestar.<\/p>\n<p><strong>Fundaci\u00f3 Mona<\/strong><\/p>\n<p>El Centre de Rescat i Rehabilitaci\u00f3 de la Fundaci\u00f3 Mona (Riudellots de la Selva) \u00e9s un espai on ximpanz\u00e9s i macacos es recuperen del maltractament que han patit \u00a0en el m\u00f3n de l\u2019espectacle o en l\u2019\u00e0mbit privat, com a mascotes ex\u00f2tiques. Molts d\u2019aquests primats han viscut llargs anys en absoluta solitud i terribles condicions, i el centre de rehabilitaci\u00f3 proporciona una excel\u00b7lent llar per a aquests animals rescatats, on es recuperen vivint en fam\u00edlia, en un entorn natural, i on tenen una segona oportunitat per tenir una vida m\u00e9s digna i lliure de patiment.<\/p>\n","protected":false},"excerpt":{"rendered":"<p>La Fundaci\u00f3 Mona, el centre de recuperaci\u00f3 de primats situat a Riudellots de La Selva, compleix vint anys d\u2019hist\u00f2ria i &#8230;<\/p>\n","protected":false},"author":2,"featured_media":5169,"comment_status":"open","ping_status":"open","sticky":false,"template":"","format":"standard","meta":{"footnotes":""},"categories":[14,15,11,9,12],"tags":[],"class_list":["post-5168","post","type-post","status-publish","format-standard","has-post-thumbnail","hentry","category-accions-culturals","category-accions-socials","category-educacio-2","category-historic","category-publicacions"],"_links":{"self":[{"href":"http:\/\/fundaciolluiscoromina.org\/index.php\/wp-json\/wp\/v2\/posts\/5168","targetHints":{"allow":["GET"]}}],"collection":[{"href":"http:\/\/fundaciolluiscoromina.org\/index.php\/wp-json\/wp\/v2\/posts"}],"about":[{"href":"http:\/\/fundaciolluiscoromina.org\/index.php\/wp-json\/wp\/v2\/types\/post"}],"author":[{"embeddable":true,"href":"http:\/\/fundaciolluiscoromina.org\/index.php\/wp-json\/wp\/v2\/users\/2"}],"replies":[{"embeddable":true,"href":"http:\/\/fundaciolluiscoromina.org\/index.php\/wp-json\/wp\/v2\/comments?post=5168"}],"version-history":[{"count":0,"href":"http:\/\/fundaciolluiscoromina.org\/index.php\/wp-json\/wp\/v2\/posts\/5168\/revisions"}],"wp:attachment":[{"href":"http:\/\/fundaciolluiscoromina.org\/index.php\/wp-json\/wp\/v2\/media?parent=5168"}],"wp:term":[{"taxonomy":"category","embeddable":true,"href":"http:\/\/fundaciolluiscoromina.org\/index.php\/wp-json\/wp\/v2\/categories?post=5168"},{"taxonomy":"post_tag","embeddable":true,"href":"http:\/\/fundaciolluiscoromina.org\/index.php\/wp-json\/wp\/v2\/tags?post=5168"}],"curies":[{"name":"wp","href":"https:\/\/api.w.org\/{rel}","templated":true}]}}