{"id":5172,"date":"2021-04-06T11:16:38","date_gmt":"2021-04-06T09:16:38","guid":{"rendered":"http:\/\/www.fundaciolluiscoromina.org\/?p=5172"},"modified":"2021-04-06T11:16:38","modified_gmt":"2021-04-06T09:16:38","slug":"les-propostes-literaries-de-la-llibreria-laltell-durant-el-mes-dabril","status":"publish","type":"post","link":"http:\/\/fundaciolluiscoromina.org\/index.php\/2021\/04\/06\/les-propostes-literaries-de-la-llibreria-laltell-durant-el-mes-dabril\/","title":{"rendered":"Les propostes liter\u00e0ries de la llibreria L\u2019Altell durant el mes d\u2019abril"},"content":{"rendered":"<p>L\u2019Espai Eat Art de Banyoles acull noves presentacions i activitats organitzades per la llibreia L\u2019Altell:<\/p>\n<p><em>\u00a0<\/em>Dissabte 10 d\u2019abril (17:15 h)<\/p>\n<p><strong>Explica\u2019m un conte (+6 anys) amb Anna Aparicio<\/strong><\/p>\n<p><em>Inscripci\u00f3 pr\u00e8via al tel\u00e8fon 972 580 270 o a <a href=\"mailto:laltell@laltell.cat\">laltell@laltell.cat<\/a><\/em><\/p>\n<p>Sessi\u00f3 infantil centrada en el llibre \u201cL\u2019abecedari entremaliat. Troba la paraula intrusa\u201d. A c\u00e0rrec l\u2019autora i il\u00b7lustradora Anna Aparicio i l\u2019editorial Takatuka, els infants assistents jugaran amb un abecedari un xic trapella i hauran de descobrir quines lletres i paraules no es troben al lloc que els hi pertoca.<\/p>\n<p><a href=\"http:\/\/www.fundaciolluiscoromina.org\/wp-content\/uploads\/2021\/04\/31b0dc60-83c0-4b8d-adf4-42f12148ff29.jpg\"><img loading=\"lazy\" decoding=\"async\" class=\"alignnone size-medium wp-image-5173\" src=\"http:\/\/www.fundaciolluiscoromina.org\/wp-content\/uploads\/2021\/04\/31b0dc60-83c0-4b8d-adf4-42f12148ff29-213x300.jpg\" alt=\"\" width=\"213\" height=\"300\" \/><\/a><\/p>\n<p>&nbsp;<\/p>\n<p>Dilluns 12 d\u2019abril (17:15 h)<\/p>\n<p><strong>Club de lectura infantil (10-12 anys)<\/strong><\/p>\n<p><em>Aforament complet\u00a0<\/em><\/p>\n<p>Comentari del llibre \u2018Kulanjango. El viatge de l&#8217;\u00e0liga\u2019 de Gill Lewis. En Callum i la Iona tenen un secret i fan la promesa de no parlar-ne amb ning\u00fa, passi el que passi. Han descobert un niu d\u2019\u00e0guila pescadora, un ocell que est\u00e0 en perill d\u2019extinci\u00f3 i pel qual molts ca\u00e7adors i col\u00b7leccionistes pagarien una fortuna. Per\u00f2 un dia troben l\u2019\u00e0guila ferida i han d\u2019avisar un t\u00e8cnic forestal, que la cura i li posa un transmissor per poder controlar-ne els moviments. Aix\u00ed, quan l\u2019\u00e0guila comen\u00e7a el seu llarg viatge anual cap al sud, en Callum en segueix el trajecte des del seu ordinador. Un dia, per\u00f2, el senyal deixa d\u2019arribar: l\u2019Iris ha desaparegut al cor de l\u2019\u00c0frica. A partir d\u2019aleshores en Callum i el seus amics comencen la seva lluita particular per trobar l\u2019animal; una lluita que els far\u00e0 con\u00e8ixer realitats llunyanes i els ensenyar\u00e0 el veritable valor de l\u2019amistat, l\u2019esfor\u00e7 i la superaci\u00f3 d\u2019obstacles.<\/p>\n<p><a href=\"http:\/\/www.fundaciolluiscoromina.org\/wp-content\/uploads\/2021\/04\/club-complet.jpg\"><img loading=\"lazy\" decoding=\"async\" class=\"alignnone size-medium wp-image-5174\" src=\"http:\/\/www.fundaciolluiscoromina.org\/wp-content\/uploads\/2021\/04\/club-complet-214x300.jpg\" alt=\"\" width=\"214\" height=\"300\" \/><\/a><\/p>\n<p>&nbsp;<\/p>\n<p>Dilluns 19 d\u2019abril (19:30 h) &#8211;\u00a0<span style=\"color: #ff0000;\"><b>\u00a0ACTIVITAT POSPOSADA<\/b><\/span><\/p>\n<p><strong>En viu i en directe amb Tom\u00e0s Cortada<\/strong><\/p>\n<p><em>Inscripci\u00f3 pr\u00e8via al tel\u00e8fon 972 580 270 o a <a href=\"mailto:laltell@laltell.cat\">laltell@laltell.cat<\/a><\/em><\/p>\n<p>L\u2019autor Tom\u00e0s Cortada i Colomer presenta el llibre \u201cTirar endavant el mas. Can Cortada de Vilademires. A cavall entre els segles XVIII i XIX\u201d, que parla d\u2019aquest indret \u00fanic del nostre territori des d\u2019una perspectiva propera i ben documentada.<\/p>\n<p><a href=\"http:\/\/www.fundaciolluiscoromina.org\/wp-content\/uploads\/2021\/04\/b2bc9831-a032-43d7-b127-7d4114090644.jpg\"><img loading=\"lazy\" decoding=\"async\" class=\"alignnone size-medium wp-image-5175\" src=\"http:\/\/www.fundaciolluiscoromina.org\/wp-content\/uploads\/2021\/04\/b2bc9831-a032-43d7-b127-7d4114090644-213x300.jpg\" alt=\"\" width=\"213\" height=\"300\" \/><\/a><\/p>\n","protected":false},"excerpt":{"rendered":"<p>L\u2019Espai Eat Art de Banyoles acull noves presentacions i activitats organitzades per la llibreia L\u2019Altell: \u00a0Dissabte 10 d\u2019abril (17:15 h) &#8230;<\/p>\n","protected":false},"author":2,"featured_media":5176,"comment_status":"open","ping_status":"open","sticky":false,"template":"","format":"standard","meta":{"footnotes":""},"categories":[14,15,10,11,9,12],"tags":[],"class_list":["post-5172","post","type-post","status-publish","format-standard","has-post-thumbnail","hentry","category-accions-culturals","category-accions-socials","category-activitats","category-educacio-2","category-historic","category-publicacions"],"_links":{"self":[{"href":"http:\/\/fundaciolluiscoromina.org\/index.php\/wp-json\/wp\/v2\/posts\/5172","targetHints":{"allow":["GET"]}}],"collection":[{"href":"http:\/\/fundaciolluiscoromina.org\/index.php\/wp-json\/wp\/v2\/posts"}],"about":[{"href":"http:\/\/fundaciolluiscoromina.org\/index.php\/wp-json\/wp\/v2\/types\/post"}],"author":[{"embeddable":true,"href":"http:\/\/fundaciolluiscoromina.org\/index.php\/wp-json\/wp\/v2\/users\/2"}],"replies":[{"embeddable":true,"href":"http:\/\/fundaciolluiscoromina.org\/index.php\/wp-json\/wp\/v2\/comments?post=5172"}],"version-history":[{"count":0,"href":"http:\/\/fundaciolluiscoromina.org\/index.php\/wp-json\/wp\/v2\/posts\/5172\/revisions"}],"wp:attachment":[{"href":"http:\/\/fundaciolluiscoromina.org\/index.php\/wp-json\/wp\/v2\/media?parent=5172"}],"wp:term":[{"taxonomy":"category","embeddable":true,"href":"http:\/\/fundaciolluiscoromina.org\/index.php\/wp-json\/wp\/v2\/categories?post=5172"},{"taxonomy":"post_tag","embeddable":true,"href":"http:\/\/fundaciolluiscoromina.org\/index.php\/wp-json\/wp\/v2\/tags?post=5172"}],"curies":[{"name":"wp","href":"https:\/\/api.w.org\/{rel}","templated":true}]}}