{"id":5180,"date":"2021-04-07T11:38:22","date_gmt":"2021-04-07T09:38:22","guid":{"rendered":"http:\/\/www.fundaciolluiscoromina.org\/?p=5180"},"modified":"2021-04-07T11:38:22","modified_gmt":"2021-04-07T09:38:22","slug":"entrega-dels-premis-sambori-2021-domnium-cultural","status":"publish","type":"post","link":"http:\/\/fundaciolluiscoromina.org\/index.php\/2021\/04\/07\/entrega-dels-premis-sambori-2021-domnium-cultural\/","title":{"rendered":"Entrega dels Premis Sambori 2021 d\u2019\u00d2mnium Cultural"},"content":{"rendered":"<p>L\u2019Espai Eat Art de Banyoles acull avui l&#8217;entrega dels Premis Sambori d\u2019\u00d2mnium Cultural al Pla de l\u2019Estany, que ha rebut dos guardons en aquesta 15a edici\u00f3 del concurs de narrativa escolar.<\/p>\n<p>Tot i que en edicions passades l\u2019entrega de premis englobava tota la Demarcaci\u00f3 de Girona-Catalunya Nord, enguany aquest format no s\u2019ha pogut realitzar a causa de la situaci\u00f3 de crisi sanit\u00e0ria, i per aix\u00f2 l\u2019entrega dels Premis Sambori 2021 es realitzar\u00e0 nom\u00e9s a les seus territorials d\u2019\u00d2mnium Cultural que hagin rebut algun premi, com \u00e9s el cas del Pla de l&#8217;Estany, on s\u2019han guardonat dos projectes, un de prim\u00e0ria i un de secund\u00e0ria, de les escoles La Draga i Casa Nostra de Banyoles.<\/p>\n<p>Aix\u00ed doncs, avui dimecres 7 d\u2019abril, s\u2019anunciaran els dos escrits guanyadors de la comarca en aquesta 15a edici\u00f3 del concurs de narrativa escolar, els quals entraran a la final que es realitzar\u00e0 a nivell de tot Catalunya i que es dur\u00e0 a terme durant els propers mesos. L\u2019acte, que tindr\u00e0 lloc a l\u2019Espai Eat Art de la Fundaci\u00f3 Llu\u00eds Coromina avui les 19:30 h, comptar\u00e0 amb un aforament molt limitat a causa de les restriccions i mesures de seguretat. Les persones interessades en assistir-hi poden enviar un correu electr\u00f2nic <a href=\"mailto:pladelestany@omnium.cat\">pladelestany@omnium.cat<\/a>.<\/p>\n<p><a href=\"http:\/\/www.fundaciolluiscoromina.org\/wp-content\/uploads\/2021\/04\/web.png\"><img loading=\"lazy\" decoding=\"async\" class=\"alignnone size-medium wp-image-5183\" src=\"http:\/\/www.fundaciolluiscoromina.org\/wp-content\/uploads\/2021\/04\/web-300x189.png\" alt=\"\" width=\"300\" height=\"189\" \/><\/a><\/p>\n<p><strong>Guanyadors del concurs\u00a0<\/strong><\/p>\n<div dir=\"auto\">\n<div dir=\"auto\">3r premi\u00a0 categoria A<\/div>\n<div dir=\"auto\">L&#8217;Escola La Draga de Banyoles<\/div>\n<div dir=\"auto\">Jofre Serrat Do\u00f1ate per \u00abEl llop i l&#8217;ovelleta\u00bb<\/div>\n<div dir=\"auto\">2n de prim\u00e0ria<\/div>\n<p><\/p>\n<div dir=\"auto\">3r premi categoria D<\/div>\n<div dir=\"auto\">Casa Nostra de Banyoles<\/div>\n<div dir=\"auto\">Laura Tallada F\u00e0brega per \u00abEl vol de la Nina\u00bb<\/div>\n<div dir=\"auto\">1r de l&#8217;ESO<\/div>\n<div dir=\"auto\"><\/div>\n<\/div>\n","protected":false},"excerpt":{"rendered":"<p>L\u2019Espai Eat Art de Banyoles acull avui l&#8217;entrega dels Premis Sambori d\u2019\u00d2mnium Cultural al Pla de l\u2019Estany, que ha rebut &#8230;<\/p>\n","protected":false},"author":2,"featured_media":5186,"comment_status":"open","ping_status":"open","sticky":false,"template":"","format":"standard","meta":{"footnotes":""},"categories":[14,15,10,11,9,12],"tags":[],"class_list":["post-5180","post","type-post","status-publish","format-standard","has-post-thumbnail","hentry","category-accions-culturals","category-accions-socials","category-activitats","category-educacio-2","category-historic","category-publicacions"],"_links":{"self":[{"href":"http:\/\/fundaciolluiscoromina.org\/index.php\/wp-json\/wp\/v2\/posts\/5180","targetHints":{"allow":["GET"]}}],"collection":[{"href":"http:\/\/fundaciolluiscoromina.org\/index.php\/wp-json\/wp\/v2\/posts"}],"about":[{"href":"http:\/\/fundaciolluiscoromina.org\/index.php\/wp-json\/wp\/v2\/types\/post"}],"author":[{"embeddable":true,"href":"http:\/\/fundaciolluiscoromina.org\/index.php\/wp-json\/wp\/v2\/users\/2"}],"replies":[{"embeddable":true,"href":"http:\/\/fundaciolluiscoromina.org\/index.php\/wp-json\/wp\/v2\/comments?post=5180"}],"version-history":[{"count":0,"href":"http:\/\/fundaciolluiscoromina.org\/index.php\/wp-json\/wp\/v2\/posts\/5180\/revisions"}],"wp:attachment":[{"href":"http:\/\/fundaciolluiscoromina.org\/index.php\/wp-json\/wp\/v2\/media?parent=5180"}],"wp:term":[{"taxonomy":"category","embeddable":true,"href":"http:\/\/fundaciolluiscoromina.org\/index.php\/wp-json\/wp\/v2\/categories?post=5180"},{"taxonomy":"post_tag","embeddable":true,"href":"http:\/\/fundaciolluiscoromina.org\/index.php\/wp-json\/wp\/v2\/tags?post=5180"}],"curies":[{"name":"wp","href":"https:\/\/api.w.org\/{rel}","templated":true}]}}