{"id":5192,"date":"2021-04-09T13:38:46","date_gmt":"2021-04-09T11:38:46","guid":{"rendered":"http:\/\/www.fundaciolluiscoromina.org\/?p=5192"},"modified":"2021-04-09T13:38:46","modified_gmt":"2021-04-09T11:38:46","slug":"la-fundacio-lluis-coromina-collabora-amb-lexposicio-anton-casamor-una-altra-mirada","status":"publish","type":"post","link":"http:\/\/fundaciolluiscoromina.org\/index.php\/2021\/04\/09\/la-fundacio-lluis-coromina-collabora-amb-lexposicio-anton-casamor-una-altra-mirada\/","title":{"rendered":"La Fundaci\u00f3 Llu\u00eds Coromina col\u00b7labora amb l\u2019exposici\u00f3 \u201cAnton Casamor, una altra mirada\u201d"},"content":{"rendered":"<p>L\u2019Ajuntament de L\u2019Escala i la Fundaci\u00f3 Casamor presenten l\u2019exposici\u00f3 <em>Anton Casamor, una altra mirada<\/em>, que es podr\u00e0 visitar del 9 d\u2019abril al 20 de juny a la sala expositiva l\u2019Alfol\u00ed de la Sal del Museu de L\u2019Escala. La Fundaci\u00f3 Llu\u00eds Coromina ha col\u00b7laborat en la mostra amb la col\u00b7laboraci\u00f3 del seu director, Ricard Planas, que ha estat el curador de l&#8217;exposici\u00f3, aix\u00ed com amb la cessi\u00f3 d&#8217;una escultura d\u2019Anton Casamor del fons propi de la fundaci\u00f3.<\/p>\n<p>L\u2019exposici\u00f3 <em>Anton Casamor, una altra mirada<\/em> \u00e9s una aproximaci\u00f3 a les creacions d\u2019aquest autor que es va connectar amb la tradici\u00f3 grecoromana i va viure l\u2019esperit del noucentisme. Els organitzadors han volgut dunar una mirada diferent a l\u2019obra de l\u2019escultor i ofereixen una segona lectura a trav\u00e9s de l\u2019\u00f2ptica de dos creadors contemporanis catalans: Yurian Quintanas, que busca els clarobscurs d\u2019estil renaixentista a trav\u00e9s de la fotografia, i Carles Duarte, que interpel\u00b7la l\u2019\u00e0nima fugissera de la mirada amb la seva poesia. El resultat \u00e9s aquesta mostra que vincula passat i present, i que compta tamb\u00e9 amb l\u2019escultura \u201cNoia de la finestra\u201d, del fons propi de la Fundaci\u00f3 Llu\u00eds Coromina.<\/p>\n<p><a href=\"http:\/\/www.fundaciolluiscoromina.org\/wp-content\/uploads\/2021\/04\/WhatsApp-Image-2021-04-08-at-11.29.31.jpeg\"><img loading=\"lazy\" decoding=\"async\" class=\"alignnone size-medium wp-image-5194\" src=\"http:\/\/www.fundaciolluiscoromina.org\/wp-content\/uploads\/2021\/04\/WhatsApp-Image-2021-04-08-at-11.29.31-200x300.jpeg\" alt=\"\" width=\"200\" height=\"300\" \/><\/a><\/p>\n<p>La inauguraci\u00f3 de l\u2019exposici\u00f3 tindr\u00e0 lloc avui divendres 9 d\u2019abril a les 6 de la tarda a l\u2019Alfol\u00ed de la Sal del Museu de L\u2019Escala (aforament limitat), i es podr\u00e0 visitar fins al 20 de juny de 2021. L\u2019horari de la sala expositiva \u00e9s de dilluns a divendres de 10 h a 13 h i 17 h a 20 h, i els diumenges de 10 h a 13 h.<\/p>\n","protected":false},"excerpt":{"rendered":"<p>L\u2019Ajuntament de L\u2019Escala i la Fundaci\u00f3 Casamor presenten l\u2019exposici\u00f3 Anton Casamor, una altra mirada, que es podr\u00e0 visitar del 9 &#8230;<\/p>\n","protected":false},"author":2,"featured_media":5196,"comment_status":"open","ping_status":"open","sticky":false,"template":"","format":"standard","meta":{"footnotes":""},"categories":[14,15,10,9,12],"tags":[],"class_list":["post-5192","post","type-post","status-publish","format-standard","has-post-thumbnail","hentry","category-accions-culturals","category-accions-socials","category-activitats","category-historic","category-publicacions"],"_links":{"self":[{"href":"http:\/\/fundaciolluiscoromina.org\/index.php\/wp-json\/wp\/v2\/posts\/5192","targetHints":{"allow":["GET"]}}],"collection":[{"href":"http:\/\/fundaciolluiscoromina.org\/index.php\/wp-json\/wp\/v2\/posts"}],"about":[{"href":"http:\/\/fundaciolluiscoromina.org\/index.php\/wp-json\/wp\/v2\/types\/post"}],"author":[{"embeddable":true,"href":"http:\/\/fundaciolluiscoromina.org\/index.php\/wp-json\/wp\/v2\/users\/2"}],"replies":[{"embeddable":true,"href":"http:\/\/fundaciolluiscoromina.org\/index.php\/wp-json\/wp\/v2\/comments?post=5192"}],"version-history":[{"count":0,"href":"http:\/\/fundaciolluiscoromina.org\/index.php\/wp-json\/wp\/v2\/posts\/5192\/revisions"}],"wp:attachment":[{"href":"http:\/\/fundaciolluiscoromina.org\/index.php\/wp-json\/wp\/v2\/media?parent=5192"}],"wp:term":[{"taxonomy":"category","embeddable":true,"href":"http:\/\/fundaciolluiscoromina.org\/index.php\/wp-json\/wp\/v2\/categories?post=5192"},{"taxonomy":"post_tag","embeddable":true,"href":"http:\/\/fundaciolluiscoromina.org\/index.php\/wp-json\/wp\/v2\/tags?post=5192"}],"curies":[{"name":"wp","href":"https:\/\/api.w.org\/{rel}","templated":true}]}}